{"id":11659,"date":"2022-05-05T17:42:50","date_gmt":"2022-05-05T17:42:50","guid":{"rendered":"http:\/\/staging.ibermusicas.org\/?p=11659"},"modified":"2022-05-05T17:42:50","modified_gmt":"2022-05-05T17:42:50","slug":"dialogos-musicales-iberoamericanos-tiende-un-puente-entre-madeira-y-brasil-al-son-de-la-mandolina","status":"publish","type":"post","link":"http:\/\/staging.ibermusicas.org\/index.php\/dialogos-musicales-iberoamericanos-tiende-un-puente-entre-madeira-y-brasil-al-son-de-la-mandolina\/","title":{"rendered":"Di\u00e1logos Musicales Iberoamericanos tiende un puente entre Madeira y Brasil al son de la mandolina"},"content":{"rendered":"<p>En procura del acercamiento cultural entre Europa y Am\u00e9rica el proyecto \u00abDi\u00e1logos Musicales Iberoamericanos\u00bb comprende la realizaci\u00f3n de varias actividades educativas, art\u00edsticas e informativas posibilitando un corredor musical internacional entre los dos pa\u00edses participantes (Portugal y Brasil). Esta primera edici\u00f3n cuenta con 7 master classes (clases maestras), 2 conferencias y 7 conferencias\/tertulias online y en live streaming (en directo), y tambi\u00e9n con la transmisi\u00f3n de 6 conciertos pre-grabados de artistas\/orquestas en representaci\u00f3n de ambos pa\u00edses.<\/p>\n<p>Partiendo de la colaboraci\u00f3n entre la Asociaci\u00f3n de Bandolins de Madeira &#8211; ABM (PT) y el Instituto Molino Cultural Sudamericano &#8211; IMC (BR), y que contin\u00faa atrayendo nuevos agentes y socios, el proyecto se realizar\u00e1 online entre el 15 de abril y el 25 de junio 2022, generalmente los s\u00e1bados.<\/p>\n<p>El p\u00fablico tendr\u00e1 acceso a todos los contenidos en l\u00ednea, a trav\u00e9s de los canales digitales de la Asociaci\u00f3n de Bandolins de Madeira y del Instituto Molino Cultural Sudamericano.<\/p>\n<p>Portugal Canales digitales ABM:<br \/>\n<a href=\"https:\/\/lt.mydplr.com\/a5983581a6bb19d03ebf4780395f1cb7-81868bec073b3970fa62af291f12b42d\" target=\"_blank\" rel=\"noopener\" data-saferedirecturl=\"https:\/\/www.google.com\/url?q=https:\/\/lt.mydplr.com\/a5983581a6bb19d03ebf4780395f1cb7-81868bec073b3970fa62af291f12b42d&amp;source=gmail&amp;ust=1651857097221000&amp;usg=AOvVaw1vEKh_o0zAhW56rNDJR8gd\">Youtube.com<\/a><\/p>\n","protected":false},"excerpt":{"rendered":"<p>En procura del acercamiento cultural entre Europa y Am\u00e9rica el proyecto \u00abDi\u00e1logos Musicales Iberoamericanos\u00bb comprende la realizaci\u00f3n de varias actividades educativas, art\u00edsticas e informativas posibilitando un corredor musical internacional entre los dos pa\u00edses participantes (Portugal y Brasil). Esta primera edici\u00f3n cuenta con 7 master classes (clases maestras), 2 conferencias y 7 conferencias\/tertulias online y en [&hellip;]<\/p>\n","protected":false},"author":1,"featured_media":11660,"comment_status":"closed","ping_status":"closed","sticky":false,"template":"","format":"standard","meta":{"footnotes":""},"categories":[53],"tags":[],"class_list":["post-11659","post","type-post","status-publish","format-standard","has-post-thumbnail","hentry","category-noticias-generales"],"lang":"es","translations":{"es":11659,"pt":11662},"pll_sync_post":[],"post_mailing_queue_ids":[],"_links":{"self":[{"href":"http:\/\/staging.ibermusicas.org\/index.php\/wp-json\/wp\/v2\/posts\/11659","targetHints":{"allow":["GET"]}}],"collection":[{"href":"http:\/\/staging.ibermusicas.org\/index.php\/wp-json\/wp\/v2\/posts"}],"about":[{"href":"http:\/\/staging.ibermusicas.org\/index.php\/wp-json\/wp\/v2\/types\/post"}],"author":[{"embeddable":true,"href":"http:\/\/staging.ibermusicas.org\/index.php\/wp-json\/wp\/v2\/users\/1"}],"replies":[{"embeddable":true,"href":"http:\/\/staging.ibermusicas.org\/index.php\/wp-json\/wp\/v2\/comments?post=11659"}],"version-history":[{"count":1,"href":"http:\/\/staging.ibermusicas.org\/index.php\/wp-json\/wp\/v2\/posts\/11659\/revisions"}],"predecessor-version":[{"id":11661,"href":"http:\/\/staging.ibermusicas.org\/index.php\/wp-json\/wp\/v2\/posts\/11659\/revisions\/11661"}],"wp:featuredmedia":[{"embeddable":true,"href":"http:\/\/staging.ibermusicas.org\/index.php\/wp-json\/wp\/v2\/media\/11660"}],"wp:attachment":[{"href":"http:\/\/staging.ibermusicas.org\/index.php\/wp-json\/wp\/v2\/media?parent=11659"}],"wp:term":[{"taxonomy":"category","embeddable":true,"href":"http:\/\/staging.ibermusicas.org\/index.php\/wp-json\/wp\/v2\/categories?post=11659"},{"taxonomy":"post_tag","embeddable":true,"href":"http:\/\/staging.ibermusicas.org\/index.php\/wp-json\/wp\/v2\/tags?post=11659"}],"curies":[{"name":"wp","href":"https:\/\/api.w.org\/{rel}","templated":true}]}}