{"id":11662,"date":"2022-05-05T17:44:15","date_gmt":"2022-05-05T17:44:15","guid":{"rendered":"http:\/\/staging.ibermusicas.org\/?p=11662"},"modified":"2022-05-05T17:44:15","modified_gmt":"2022-05-05T17:44:15","slug":"dialogos-musicais-ibero-americanos-tende-uma-ponte-entre-madeira-e-brasil-ao-som-do-bandolim","status":"publish","type":"post","link":"http:\/\/staging.ibermusicas.org\/index.php\/dialogos-musicais-ibero-americanos-tende-uma-ponte-entre-madeira-e-brasil-ao-som-do-bandolim\/","title":{"rendered":"Di\u00e1logos Musicais Ibero-Americanos tende uma ponte entre Madeira e Brasil ao som do bandolim"},"content":{"rendered":"<p>No sentido da aproxima\u00e7\u00e3o cultural entre a Europa e a Am\u00e9rica o projeto \u201cDi\u00e1logos Musicais Ibero-Americanos\u201d compreende a realiza\u00e7\u00e3o de v\u00e1rias atividades, do foro educativo, art\u00edstico e informativo na \u00e1rea da m\u00fasica, possibilitando um corredor musical internacional entre os dois pa\u00edses participantes (Portugal e Brasil). Esta primeira edi\u00e7\u00e3o conta com 7 masterclasses (aulas mestras), 2 palestras e 7 confer\u00eancias\/tert\u00falias online e em live streaming (em direto), e tamb\u00e9m com a transmiss\u00e3o de 6 concertos pr\u00e9-gravados de artistas\/orquestras em representa\u00e7\u00e3o de ambos os pa\u00edses.<\/p>\n<p>Partindo da parceria entre a Associa\u00e7\u00e3o de Bandolins da Madeira &#8211; ABM (PT) e o Instituto Moinho Cultural Sul-Americano &#8211; IMC (BR), e que continua a angariar novos agentes e parceiros, o projeto decorrer\u00e1 online entre 15 de Abril e 25 de Junho de 2022, geralmente aos s\u00e1bados.<\/p>\n<p>O p\u00fablico em geral ter\u00e1 acesso a todos os conte\u00fados online, atrav\u00e9s dos canais digitais da Associa\u00e7\u00e3o de Bandolins da Madeira e do Instituto Moinho Cultural Sul Americano.<\/p>\n<p>Portugal Canais digitais ABM:<br \/>\n<a href=\"https:\/\/lt.mydplr.com\/a5983581a6bb19d03ebf4780395f1cb7-81868bec073b3970fa62af291f12b42d\" target=\"_blank\" rel=\"noopener\" data-saferedirecturl=\"https:\/\/www.google.com\/url?q=https:\/\/lt.mydplr.com\/a5983581a6bb19d03ebf4780395f1cb7-81868bec073b3970fa62af291f12b42d&amp;source=gmail&amp;ust=1651857097221000&amp;usg=AOvVaw1vEKh_o0zAhW56rNDJR8gd\">Youtube.com<\/a><\/p>\n","protected":false},"excerpt":{"rendered":"<p>No sentido da aproxima\u00e7\u00e3o cultural entre a Europa e a Am\u00e9rica o projeto \u201cDi\u00e1logos Musicais Ibero-Americanos\u201d compreende a realiza\u00e7\u00e3o de v\u00e1rias atividades, do foro educativo, art\u00edstico e informativo na \u00e1rea da m\u00fasica, possibilitando um corredor musical internacional entre os dois pa\u00edses participantes (Portugal e Brasil). Esta primeira edi\u00e7\u00e3o conta com 7 masterclasses (aulas mestras), 2 [&hellip;]<\/p>\n","protected":false},"author":1,"featured_media":11660,"comment_status":"closed","ping_status":"closed","sticky":false,"template":"","format":"standard","meta":{"footnotes":""},"categories":[218],"tags":[],"class_list":["post-11662","post","type-post","status-publish","format-standard","has-post-thumbnail","hentry","category-noticias-generales-pt"],"lang":"pt","translations":{"pt":11662,"es":11659},"pll_sync_post":[],"post_mailing_queue_ids":[],"_links":{"self":[{"href":"http:\/\/staging.ibermusicas.org\/index.php\/wp-json\/wp\/v2\/posts\/11662","targetHints":{"allow":["GET"]}}],"collection":[{"href":"http:\/\/staging.ibermusicas.org\/index.php\/wp-json\/wp\/v2\/posts"}],"about":[{"href":"http:\/\/staging.ibermusicas.org\/index.php\/wp-json\/wp\/v2\/types\/post"}],"author":[{"embeddable":true,"href":"http:\/\/staging.ibermusicas.org\/index.php\/wp-json\/wp\/v2\/users\/1"}],"replies":[{"embeddable":true,"href":"http:\/\/staging.ibermusicas.org\/index.php\/wp-json\/wp\/v2\/comments?post=11662"}],"version-history":[{"count":1,"href":"http:\/\/staging.ibermusicas.org\/index.php\/wp-json\/wp\/v2\/posts\/11662\/revisions"}],"predecessor-version":[{"id":11663,"href":"http:\/\/staging.ibermusicas.org\/index.php\/wp-json\/wp\/v2\/posts\/11662\/revisions\/11663"}],"wp:featuredmedia":[{"embeddable":true,"href":"http:\/\/staging.ibermusicas.org\/index.php\/wp-json\/wp\/v2\/media\/11660"}],"wp:attachment":[{"href":"http:\/\/staging.ibermusicas.org\/index.php\/wp-json\/wp\/v2\/media?parent=11662"}],"wp:term":[{"taxonomy":"category","embeddable":true,"href":"http:\/\/staging.ibermusicas.org\/index.php\/wp-json\/wp\/v2\/categories?post=11662"},{"taxonomy":"post_tag","embeddable":true,"href":"http:\/\/staging.ibermusicas.org\/index.php\/wp-json\/wp\/v2\/tags?post=11662"}],"curies":[{"name":"wp","href":"https:\/\/api.w.org\/{rel}","templated":true}]}}