{"id":11664,"date":"2022-05-05T17:45:24","date_gmt":"2022-05-05T17:45:24","guid":{"rendered":"http:\/\/staging.ibermusicas.org\/?p=11664"},"modified":"2022-05-16T18:19:28","modified_gmt":"2022-05-16T18:19:28","slug":"el-gran-pianista-brasileno-amaro-freitas-llevara-adelante-una-amplia-gira-europea","status":"publish","type":"post","link":"http:\/\/staging.ibermusicas.org\/index.php\/el-gran-pianista-brasileno-amaro-freitas-llevara-adelante-una-amplia-gira-europea\/","title":{"rendered":"El gran pianista brasile\u00f1o Amaro Freitas llevar\u00e1 adelante una amplia gira europea"},"content":{"rendered":"<p>Junto con su tr\u00edo compuesto por Hugo Medeiros en la bater\u00eda y Jean Elton en el bajo, el maravilloso pianista de jazz Amaro Freitas comenzar\u00e1 una extensa gira por diversas ciudades de Europa.<\/p>\n<p>Desde una periferia de Recife, la promesa de icono internacional del jazz, Amaro Freitas trabaj\u00f3 incansablemente para convertirse en el artista que es hoy. Ganando proyecci\u00f3n internacional por \u00abUn enfoque del teclado tan \u00fanico, que es sorprendente\u00bb (Downbeat), sus \u00e1lbumes debut: Sangre Negra (2016) y Rasif (2018), llegaron en una oleada de aclamaci\u00f3n instant\u00e1nea. Su nuevo \u00e1lbum \u00abSankofa\u00bb &#8211; una b\u00fasqueda espiritual por historias olvidadas, filosof\u00edas antiguas y figuras inspiradoras del Brasil Negro &#8211; es su trabajo m\u00e1s impresionante y sincero hasta hoy.<\/p>\n<p>\u00abCuando se sent\u00f3 al piano, el tiempo se detuvo. Toc\u00f3 y toc\u00f3, y cada nota crec\u00eda y generaba nuevas posibilidades, historias dentro de historias. La amplitud de ejecuci\u00f3n y el dinamismo emotivo me llenaron de luz.\u00bb Christian Scott Atunde Adjuah<\/p>\n<p>Jueves 5 de mayo, concierto en Madrid<br \/>\nViernes 6 de mayo, concierto en Barcelona<\/p>\n","protected":false},"excerpt":{"rendered":"<p>Junto con su tr\u00edo compuesto por Hugo Medeiros en la bater\u00eda y Jean Elton en el bajo, el maravilloso pianista de jazz Amaro Freitas comenzar\u00e1 una extensa gira por diversas ciudades de Europa. Desde una periferia de Recife, la promesa de icono internacional del jazz, Amaro Freitas trabaj\u00f3 incansablemente para convertirse en el artista que [&hellip;]<\/p>\n","protected":false},"author":1,"featured_media":11665,"comment_status":"closed","ping_status":"closed","sticky":false,"template":"","format":"standard","meta":{"footnotes":""},"categories":[53],"tags":[],"class_list":["post-11664","post","type-post","status-publish","format-standard","has-post-thumbnail","hentry","category-noticias-generales"],"lang":"es","translations":{"es":11664,"pt":11667},"pll_sync_post":[],"post_mailing_queue_ids":[],"_links":{"self":[{"href":"http:\/\/staging.ibermusicas.org\/index.php\/wp-json\/wp\/v2\/posts\/11664","targetHints":{"allow":["GET"]}}],"collection":[{"href":"http:\/\/staging.ibermusicas.org\/index.php\/wp-json\/wp\/v2\/posts"}],"about":[{"href":"http:\/\/staging.ibermusicas.org\/index.php\/wp-json\/wp\/v2\/types\/post"}],"author":[{"embeddable":true,"href":"http:\/\/staging.ibermusicas.org\/index.php\/wp-json\/wp\/v2\/users\/1"}],"replies":[{"embeddable":true,"href":"http:\/\/staging.ibermusicas.org\/index.php\/wp-json\/wp\/v2\/comments?post=11664"}],"version-history":[{"count":1,"href":"http:\/\/staging.ibermusicas.org\/index.php\/wp-json\/wp\/v2\/posts\/11664\/revisions"}],"predecessor-version":[{"id":11666,"href":"http:\/\/staging.ibermusicas.org\/index.php\/wp-json\/wp\/v2\/posts\/11664\/revisions\/11666"}],"wp:featuredmedia":[{"embeddable":true,"href":"http:\/\/staging.ibermusicas.org\/index.php\/wp-json\/wp\/v2\/media\/11665"}],"wp:attachment":[{"href":"http:\/\/staging.ibermusicas.org\/index.php\/wp-json\/wp\/v2\/media?parent=11664"}],"wp:term":[{"taxonomy":"category","embeddable":true,"href":"http:\/\/staging.ibermusicas.org\/index.php\/wp-json\/wp\/v2\/categories?post=11664"},{"taxonomy":"post_tag","embeddable":true,"href":"http:\/\/staging.ibermusicas.org\/index.php\/wp-json\/wp\/v2\/tags?post=11664"}],"curies":[{"name":"wp","href":"https:\/\/api.w.org\/{rel}","templated":true}]}}