{"id":11667,"date":"2022-05-05T17:46:19","date_gmt":"2022-05-05T17:46:19","guid":{"rendered":"http:\/\/staging.ibermusicas.org\/?p=11667"},"modified":"2022-05-16T18:20:37","modified_gmt":"2022-05-16T18:20:37","slug":"o-grande-pianista-brasileiro-amaro-freitas-levara-adiante-uma-ampla-turne-europeia","status":"publish","type":"post","link":"http:\/\/staging.ibermusicas.org\/index.php\/o-grande-pianista-brasileiro-amaro-freitas-levara-adiante-uma-ampla-turne-europeia\/","title":{"rendered":"O grande pianista brasileiro Amaro Freitas levar\u00e1 adiante uma ampla turn\u00ea europeia"},"content":{"rendered":"<p>Junto com seu trio composto por Hugo Medeiros na bateria e Jean Elton no baixo, o maravilhoso pianista de jazz Amaro Freitas come\u00e7ar\u00e1 uma extensa turn\u00ea por diversas cidades da Europa.<\/p>\n<p>De uma periferia do Recife a promessa de \u00edcone internacional do jazz, Amaro Freitas trabalhou incansavelmente para se tornar o artista que \u00e9 hoje. Ganhando proje\u00e7\u00e3o internacional por \u201cUma abordagem do teclado t\u00e3o \u00fanica, que \u00e9 surpreendente\u201d (Downbeat), seus \u00e1lbuns de estr\u00e9ia: Sangue Negro (2016) e Rasif (2018), chegaram em uma onda de aclama\u00e7\u00e3o instant\u00e2nea. O seu novo \u00e1lbum \u201cSankofa\u201d \u2013 uma busca espiritual por hist\u00f3rias esquecidas, filosofias antigas e figuras inspiradoras do Brasil Negro \u2013 \u00e9 o seu trabalho mais impressionante e sincero at\u00e9 hoje.<\/p>\n<p>\u201cQuando ele sentou ao piano, o tempo parou. Ele tocou e tocou, e cada nota crescia e gerava novas possibilidades, hist\u00f3rias dentro de hist\u00f3rias. A amplitude de execu\u00e7\u00e3o e o dinamismo emotivo me preencheram de luz.\u201d Christian Scott Atunde Adjuah<\/p>\n<p>Quinta-feira 5 de maio, concerto em Madri<br \/>\nSexta-feira 6 de maio, concerto em Barcelona<\/p>\n","protected":false},"excerpt":{"rendered":"<p>Junto com seu trio composto por Hugo Medeiros na bateria e Jean Elton no baixo, o maravilhoso pianista de jazz Amaro Freitas come\u00e7ar\u00e1 uma extensa turn\u00ea por diversas cidades da Europa. De uma periferia do Recife a promessa de \u00edcone internacional do jazz, Amaro Freitas trabalhou incansavelmente para se tornar o artista que \u00e9 hoje. [&hellip;]<\/p>\n","protected":false},"author":1,"featured_media":11665,"comment_status":"closed","ping_status":"closed","sticky":false,"template":"","format":"standard","meta":{"footnotes":""},"categories":[218],"tags":[],"class_list":["post-11667","post","type-post","status-publish","format-standard","has-post-thumbnail","hentry","category-noticias-generales-pt"],"lang":"pt","translations":{"pt":11667,"es":11664},"pll_sync_post":[],"post_mailing_queue_ids":[],"_links":{"self":[{"href":"http:\/\/staging.ibermusicas.org\/index.php\/wp-json\/wp\/v2\/posts\/11667","targetHints":{"allow":["GET"]}}],"collection":[{"href":"http:\/\/staging.ibermusicas.org\/index.php\/wp-json\/wp\/v2\/posts"}],"about":[{"href":"http:\/\/staging.ibermusicas.org\/index.php\/wp-json\/wp\/v2\/types\/post"}],"author":[{"embeddable":true,"href":"http:\/\/staging.ibermusicas.org\/index.php\/wp-json\/wp\/v2\/users\/1"}],"replies":[{"embeddable":true,"href":"http:\/\/staging.ibermusicas.org\/index.php\/wp-json\/wp\/v2\/comments?post=11667"}],"version-history":[{"count":1,"href":"http:\/\/staging.ibermusicas.org\/index.php\/wp-json\/wp\/v2\/posts\/11667\/revisions"}],"predecessor-version":[{"id":11668,"href":"http:\/\/staging.ibermusicas.org\/index.php\/wp-json\/wp\/v2\/posts\/11667\/revisions\/11668"}],"wp:featuredmedia":[{"embeddable":true,"href":"http:\/\/staging.ibermusicas.org\/index.php\/wp-json\/wp\/v2\/media\/11665"}],"wp:attachment":[{"href":"http:\/\/staging.ibermusicas.org\/index.php\/wp-json\/wp\/v2\/media?parent=11667"}],"wp:term":[{"taxonomy":"category","embeddable":true,"href":"http:\/\/staging.ibermusicas.org\/index.php\/wp-json\/wp\/v2\/categories?post=11667"},{"taxonomy":"post_tag","embeddable":true,"href":"http:\/\/staging.ibermusicas.org\/index.php\/wp-json\/wp\/v2\/tags?post=11667"}],"curies":[{"name":"wp","href":"https:\/\/api.w.org\/{rel}","templated":true}]}}