{"id":11674,"date":"2022-05-05T17:50:45","date_gmt":"2022-05-05T17:50:45","guid":{"rendered":"http:\/\/staging.ibermusicas.org\/?p=11674"},"modified":"2022-05-16T18:19:23","modified_gmt":"2022-05-16T18:19:23","slug":"desde-argentina-llega-una-nueva-edicion-virtual-del-festival-pleamar","status":"publish","type":"post","link":"http:\/\/staging.ibermusicas.org\/index.php\/desde-argentina-llega-una-nueva-edicion-virtual-del-festival-pleamar\/","title":{"rendered":"Desde Argentina, llega una nueva edici\u00f3n virtual del Festival Pleamar"},"content":{"rendered":"<p>El Festival Pleamar presenta su edici\u00f3n virtual 2022. Pleamar es un evento dedicado a la m\u00fasica electr\u00f3nica experimental y el arte sonoro que ha incorporado en sus contenidos presentaciones audiovisuales, instalaciones y otras expresiones de las artes electr\u00f3nicas. Con base en la ciudad de Mar del Plata, Provincia de Buenos Aires, Argentina desde 2019.<\/p>\n<p>Es una producci\u00f3n colaborativa entre La Siesta del Fauno Estudio &#8211; Laboratorio y Aldegani Estudio\/Taller con el apoyo de Arturia, empresa francesa dedicada a la producci\u00f3n e investigaci\u00f3n de instrumentos electroac\u00fasticos. La producci\u00f3n t\u00e9cnica de todas las actividades es realizada por Uncable Multimedia.<\/p>\n<p>Transitando ya su 6ta edici\u00f3n, Pleamar se extiende desde Mar del Plata hasta Valpara\u00edso en una producci\u00f3n conjunta con la m\u00fasica y compositora chilena Alis\u00fa del sello discogr\u00e1fico Modismo. Abrazando el continente y enlazando los oc\u00e9anos Pac\u00edfico y Atl\u00e1ntico en una marea alta de sonido electr\u00f3nico. 2022 inicia con un programa que incluye la proyecci\u00f3n de obras audiovisuales inaugurando el ciclo, charlas abiertas con personalidades referentes de Latinoam\u00e9rica, un foro para sellos discogr\u00e1ficos independientes, presentaciones en vivo y un cronograma de workshops de acceso gratuito destinados a m\u00fasicos, artistas del \u00e1mbito sonoro e infancias de toda la regi\u00f3n.<\/p>\n<p>Ser\u00e1n parte de esta edici\u00f3n virtual 2022: Diego Frenkel, Alis\u00fa, Alma Laprida, Ernesto Romeo, Mika Martini, Diego Vainer, Van der Kritz, Toru Izumida, \u00c9MU, Insomniac Hotel, Fernando Molina, Arvc, p1p1p13, TESTU Collective, Amara, Juan Diego Illescas, Luis Alvarado, Anne Artikel, Lucas Romeo, Whash\u00e9, Mart\u00edn Matus Lerner, Jorge Denis Molina y Jenny M. Ramirez Osorio.<\/p>\n<p>M\u00e1s informaci\u00f3n en:\u00a0<a href=\"https:\/\/lt.mydplr.com\/13266cce954f0ea1fb54f688db2fc71a-81868bec073b3970fa62af291f12b42d\" target=\"_blank\" rel=\"noopener\" data-saferedirecturl=\"https:\/\/www.google.com\/url?q=https:\/\/lt.mydplr.com\/13266cce954f0ea1fb54f688db2fc71a-81868bec073b3970fa62af291f12b42d&amp;source=gmail&amp;ust=1651857097221000&amp;usg=AOvVaw3Odk1Y8xG4xwt0WjfFl8Tv\">www.pleamarorg.com<\/a><br \/>\nDel 13 al 15 de mayo<\/p>\n","protected":false},"excerpt":{"rendered":"<p>El Festival Pleamar presenta su edici\u00f3n virtual 2022. Pleamar es un evento dedicado a la m\u00fasica electr\u00f3nica experimental y el arte sonoro que ha incorporado en sus contenidos presentaciones audiovisuales, instalaciones y otras expresiones de las artes electr\u00f3nicas. Con base en la ciudad de Mar del Plata, Provincia de Buenos Aires, Argentina desde 2019. Es [&hellip;]<\/p>\n","protected":false},"author":1,"featured_media":11675,"comment_status":"closed","ping_status":"closed","sticky":false,"template":"","format":"standard","meta":{"footnotes":""},"categories":[53],"tags":[],"class_list":["post-11674","post","type-post","status-publish","format-standard","has-post-thumbnail","hentry","category-noticias-generales"],"lang":"es","translations":{"es":11674,"pt":11677},"pll_sync_post":[],"post_mailing_queue_ids":[],"_links":{"self":[{"href":"http:\/\/staging.ibermusicas.org\/index.php\/wp-json\/wp\/v2\/posts\/11674","targetHints":{"allow":["GET"]}}],"collection":[{"href":"http:\/\/staging.ibermusicas.org\/index.php\/wp-json\/wp\/v2\/posts"}],"about":[{"href":"http:\/\/staging.ibermusicas.org\/index.php\/wp-json\/wp\/v2\/types\/post"}],"author":[{"embeddable":true,"href":"http:\/\/staging.ibermusicas.org\/index.php\/wp-json\/wp\/v2\/users\/1"}],"replies":[{"embeddable":true,"href":"http:\/\/staging.ibermusicas.org\/index.php\/wp-json\/wp\/v2\/comments?post=11674"}],"version-history":[{"count":1,"href":"http:\/\/staging.ibermusicas.org\/index.php\/wp-json\/wp\/v2\/posts\/11674\/revisions"}],"predecessor-version":[{"id":11676,"href":"http:\/\/staging.ibermusicas.org\/index.php\/wp-json\/wp\/v2\/posts\/11674\/revisions\/11676"}],"wp:featuredmedia":[{"embeddable":true,"href":"http:\/\/staging.ibermusicas.org\/index.php\/wp-json\/wp\/v2\/media\/11675"}],"wp:attachment":[{"href":"http:\/\/staging.ibermusicas.org\/index.php\/wp-json\/wp\/v2\/media?parent=11674"}],"wp:term":[{"taxonomy":"category","embeddable":true,"href":"http:\/\/staging.ibermusicas.org\/index.php\/wp-json\/wp\/v2\/categories?post=11674"},{"taxonomy":"post_tag","embeddable":true,"href":"http:\/\/staging.ibermusicas.org\/index.php\/wp-json\/wp\/v2\/tags?post=11674"}],"curies":[{"name":"wp","href":"https:\/\/api.w.org\/{rel}","templated":true}]}}