{"id":11677,"date":"2022-05-05T17:52:05","date_gmt":"2022-05-05T17:52:05","guid":{"rendered":"http:\/\/staging.ibermusicas.org\/?p=11677"},"modified":"2022-05-16T18:20:23","modified_gmt":"2022-05-16T18:20:23","slug":"da-argentina-chega-uma-nova-edicao-virtual-do-festival-pleamar","status":"publish","type":"post","link":"http:\/\/staging.ibermusicas.org\/index.php\/da-argentina-chega-uma-nova-edicao-virtual-do-festival-pleamar\/","title":{"rendered":"Da Argentina, chega uma nova edi\u00e7\u00e3o virtual do Festival Pleamar"},"content":{"rendered":"<p>O Festival Pleamar apresenta sua edi\u00e7\u00e3o virtual 2022. Pleamar \u00e9 um evento dedicado \u00e0 m\u00fasica eletr\u00f4nica experimental e \u00e0 arte sonora que incorporou em seus conte\u00fados apresenta\u00e7\u00f5es audiovisuais, instala\u00e7\u00f5es e outras express\u00f5es das artes eletr\u00f4nicas. Com base na cidade de Mar del Plata, Provincia de Buenos Aires, Argentina desde 2019.<\/p>\n<p>\u00c9 uma produ\u00e7\u00e3o colaborativa entre La Siesta del Fauno Estudio &#8211; Laboratorio e Aldegani Estudio\/Oficina com o apoio da Arturia, empresa francesa dedicada \u00e0 produ\u00e7\u00e3o e investiga\u00e7\u00e3o de instrumentos eletroac\u00fasticos. A produ\u00e7\u00e3o t\u00e9cnica de todas as atividades \u00e9 realizada pela Uncable Multimedia.<\/p>\n<p>Transitando j\u00e1 sua 6ta edi\u00e7\u00e3o, Pleamar se estende desde Mar del Plata at\u00e9 Valpara\u00edso em uma produ\u00e7\u00e3o conjunta com a m\u00fasica e compositora chilena Alis\u00fa do selo discogr\u00e1fico Modismo. Abra\u00e7ando o continente e ligando os oceanos Pac\u00edfico e Atl\u00e2ntico em uma mar\u00e9 alta de som eletr\u00f4nico. 2022 come\u00e7a com um programa que inclui a proje\u00e7\u00e3o de obras audiovisuais inaugurando o ciclo, palestras abertas com personalidades referentes da Am\u00e9rica Latina, um f\u00f3rum para selos discogr\u00e1ficos independentes, apresenta\u00e7\u00f5es ao vivo e um cronograma de workshops de acesso gratuito destinados a m\u00fasicos, artistas do \u00e2mbito sonoro e inf\u00e2ncias de toda a regi\u00e3o.<\/p>\n<p>Far\u00e3o parte desta edi\u00e7\u00e3o virtual 2022: Diego Frenkel, Alis\u00fa, Alma Laprida, Ernesto Romeo, Mika Martini, Diego Vainer, Van der Kritz, Toru Izumida, \u00c9MU, Insomniac Hotel, Fernando Molina, Arvc, p1p1p13, TESTU Collective, Amara, Juan Diego Illescas, Luis Alvarado, Anne Artikel, Lucas Romeo, Whash\u00e9, Mart\u00edn Matus Lerner, Jorge Denis Molina e Jenny M. Ramirez Osorio.<\/p>\n<p>Mais informa\u00e7\u00f5es em:\u00a0<a href=\"https:\/\/lt.mydplr.com\/13266cce954f0ea1fb54f688db2fc71a-81868bec073b3970fa62af291f12b42d\" target=\"_blank\" rel=\"noopener\" data-saferedirecturl=\"https:\/\/www.google.com\/url?q=https:\/\/lt.mydplr.com\/13266cce954f0ea1fb54f688db2fc71a-81868bec073b3970fa62af291f12b42d&amp;source=gmail&amp;ust=1651857097221000&amp;usg=AOvVaw3Odk1Y8xG4xwt0WjfFl8Tv\">www.pleamarorg.com<\/a><br \/>\nDe 13 a 15 de Maio<\/p>\n","protected":false},"excerpt":{"rendered":"<p>O Festival Pleamar apresenta sua edi\u00e7\u00e3o virtual 2022. Pleamar \u00e9 um evento dedicado \u00e0 m\u00fasica eletr\u00f4nica experimental e \u00e0 arte sonora que incorporou em seus conte\u00fados apresenta\u00e7\u00f5es audiovisuais, instala\u00e7\u00f5es e outras express\u00f5es das artes eletr\u00f4nicas. Com base na cidade de Mar del Plata, Provincia de Buenos Aires, Argentina desde 2019. \u00c9 uma produ\u00e7\u00e3o colaborativa entre [&hellip;]<\/p>\n","protected":false},"author":1,"featured_media":11675,"comment_status":"closed","ping_status":"closed","sticky":false,"template":"","format":"standard","meta":{"footnotes":""},"categories":[218],"tags":[],"class_list":["post-11677","post","type-post","status-publish","format-standard","has-post-thumbnail","hentry","category-noticias-generales-pt"],"lang":"pt","translations":{"pt":11677,"es":11674},"pll_sync_post":[],"post_mailing_queue_ids":[],"_links":{"self":[{"href":"http:\/\/staging.ibermusicas.org\/index.php\/wp-json\/wp\/v2\/posts\/11677","targetHints":{"allow":["GET"]}}],"collection":[{"href":"http:\/\/staging.ibermusicas.org\/index.php\/wp-json\/wp\/v2\/posts"}],"about":[{"href":"http:\/\/staging.ibermusicas.org\/index.php\/wp-json\/wp\/v2\/types\/post"}],"author":[{"embeddable":true,"href":"http:\/\/staging.ibermusicas.org\/index.php\/wp-json\/wp\/v2\/users\/1"}],"replies":[{"embeddable":true,"href":"http:\/\/staging.ibermusicas.org\/index.php\/wp-json\/wp\/v2\/comments?post=11677"}],"version-history":[{"count":1,"href":"http:\/\/staging.ibermusicas.org\/index.php\/wp-json\/wp\/v2\/posts\/11677\/revisions"}],"predecessor-version":[{"id":11678,"href":"http:\/\/staging.ibermusicas.org\/index.php\/wp-json\/wp\/v2\/posts\/11677\/revisions\/11678"}],"wp:featuredmedia":[{"embeddable":true,"href":"http:\/\/staging.ibermusicas.org\/index.php\/wp-json\/wp\/v2\/media\/11675"}],"wp:attachment":[{"href":"http:\/\/staging.ibermusicas.org\/index.php\/wp-json\/wp\/v2\/media?parent=11677"}],"wp:term":[{"taxonomy":"category","embeddable":true,"href":"http:\/\/staging.ibermusicas.org\/index.php\/wp-json\/wp\/v2\/categories?post=11677"},{"taxonomy":"post_tag","embeddable":true,"href":"http:\/\/staging.ibermusicas.org\/index.php\/wp-json\/wp\/v2\/tags?post=11677"}],"curies":[{"name":"wp","href":"https:\/\/api.w.org\/{rel}","templated":true}]}}