{"id":11679,"date":"2022-05-05T17:54:26","date_gmt":"2022-05-05T17:54:26","guid":{"rendered":"http:\/\/staging.ibermusicas.org\/?p=11679"},"modified":"2022-05-05T17:54:26","modified_gmt":"2022-05-05T17:54:26","slug":"el-gran-clarinetista-costarricense-lenin-izaguirre-cedeno-presento-su-disco-que-despliega-un-amplio-abanico-de-sonidos-latinoamericanos","status":"publish","type":"post","link":"http:\/\/staging.ibermusicas.org\/index.php\/el-gran-clarinetista-costarricense-lenin-izaguirre-cedeno-presento-su-disco-que-despliega-un-amplio-abanico-de-sonidos-latinoamericanos\/","title":{"rendered":"El gran clarinetista costarricense Lenin Izaguirre Cede\u00f1o present\u00f3 su disco que despliega un amplio abanico de sonidos latinoamericanos"},"content":{"rendered":"<p>Este disco integra ritmos muy diversos de toda Latinoam\u00e9rica: bolero, vals, choro, tango, son y merengue venezolano entre otros. En procura de generar y visualizar m\u00e1s repertorio latinoamericano para clarinete y cuerdas, Lenin Izaguirre junto a una gran cantidad de m\u00fasicos que colaboraron en su proyecto, llevaron adelante un largo proceso de encargo de obras, adaptaci\u00f3n, orquestaci\u00f3n, producci\u00f3n y grabaci\u00f3n que desemboc\u00f3 en la creaci\u00f3n de un valios\u00edsimo material que contiene: Suite Latinoamericana de Vinicio Meza (Costa Rica), Oblivion de Astor Piazzolla (Argentina), Recuerdos de la Abuela Tomasa de Pablo Gil (Venezuela) y Dos Boleros para un Reencuentro de Alonso Torres (Costa Rica).<\/p>\n<p>Lanzamiento virtual: domingo 1ero de mayo por\u00a0<a href=\"https:\/\/lt.mydplr.com\/9c941ec6aec2e031c8637ebfd664dc97-81868bec073b3970fa62af291f12b42d\" target=\"_blank\" rel=\"noopener\" data-saferedirecturl=\"https:\/\/www.google.com\/url?q=https:\/\/lt.mydplr.com\/9c941ec6aec2e031c8637ebfd664dc97-81868bec073b3970fa62af291f12b42d&amp;source=gmail&amp;ust=1651857097221000&amp;usg=AOvVaw2acZtk1u-Ke93tcKWa0gKK\">www.leninizaguirre.com<\/a><br \/>\nVideo de Oblivion de Astor Piazzolla:\u00a0<a href=\"https:\/\/lt.mydplr.com\/b9a164b9b9ea0e03d2de388394da4405-81868bec073b3970fa62af291f12b42d\" target=\"_blank\" rel=\"noopener\" data-saferedirecturl=\"https:\/\/www.google.com\/url?q=https:\/\/lt.mydplr.com\/b9a164b9b9ea0e03d2de388394da4405-81868bec073b3970fa62af291f12b42d&amp;source=gmail&amp;ust=1651857097221000&amp;usg=AOvVaw3xMbD-l1ABytFdkzce04Io\">youtube.com<\/a><\/p>\n","protected":false},"excerpt":{"rendered":"<p>Este disco integra ritmos muy diversos de toda Latinoam\u00e9rica: bolero, vals, choro, tango, son y merengue venezolano entre otros. En procura de generar y visualizar m\u00e1s repertorio latinoamericano para clarinete y cuerdas, Lenin Izaguirre junto a una gran cantidad de m\u00fasicos que colaboraron en su proyecto, llevaron adelante un largo proceso de encargo de obras, [&hellip;]<\/p>\n","protected":false},"author":1,"featured_media":11680,"comment_status":"closed","ping_status":"closed","sticky":false,"template":"","format":"standard","meta":{"footnotes":""},"categories":[53],"tags":[],"class_list":["post-11679","post","type-post","status-publish","format-standard","has-post-thumbnail","hentry","category-noticias-generales"],"lang":"es","translations":{"es":11679,"pt":11682},"pll_sync_post":[],"post_mailing_queue_ids":[],"_links":{"self":[{"href":"http:\/\/staging.ibermusicas.org\/index.php\/wp-json\/wp\/v2\/posts\/11679","targetHints":{"allow":["GET"]}}],"collection":[{"href":"http:\/\/staging.ibermusicas.org\/index.php\/wp-json\/wp\/v2\/posts"}],"about":[{"href":"http:\/\/staging.ibermusicas.org\/index.php\/wp-json\/wp\/v2\/types\/post"}],"author":[{"embeddable":true,"href":"http:\/\/staging.ibermusicas.org\/index.php\/wp-json\/wp\/v2\/users\/1"}],"replies":[{"embeddable":true,"href":"http:\/\/staging.ibermusicas.org\/index.php\/wp-json\/wp\/v2\/comments?post=11679"}],"version-history":[{"count":1,"href":"http:\/\/staging.ibermusicas.org\/index.php\/wp-json\/wp\/v2\/posts\/11679\/revisions"}],"predecessor-version":[{"id":11681,"href":"http:\/\/staging.ibermusicas.org\/index.php\/wp-json\/wp\/v2\/posts\/11679\/revisions\/11681"}],"wp:featuredmedia":[{"embeddable":true,"href":"http:\/\/staging.ibermusicas.org\/index.php\/wp-json\/wp\/v2\/media\/11680"}],"wp:attachment":[{"href":"http:\/\/staging.ibermusicas.org\/index.php\/wp-json\/wp\/v2\/media?parent=11679"}],"wp:term":[{"taxonomy":"category","embeddable":true,"href":"http:\/\/staging.ibermusicas.org\/index.php\/wp-json\/wp\/v2\/categories?post=11679"},{"taxonomy":"post_tag","embeddable":true,"href":"http:\/\/staging.ibermusicas.org\/index.php\/wp-json\/wp\/v2\/tags?post=11679"}],"curies":[{"name":"wp","href":"https:\/\/api.w.org\/{rel}","templated":true}]}}