{"id":11682,"date":"2022-05-05T17:55:32","date_gmt":"2022-05-05T17:55:32","guid":{"rendered":"http:\/\/staging.ibermusicas.org\/?p=11682"},"modified":"2022-05-05T17:55:32","modified_gmt":"2022-05-05T17:55:32","slug":"o-grande-clarinetista-costa-riquenho-lenin-izaguirre-cedeno-apresentou-seu-disco-que-exibe-um-amplo-leque-de-sons-latino-americanos","status":"publish","type":"post","link":"http:\/\/staging.ibermusicas.org\/index.php\/o-grande-clarinetista-costa-riquenho-lenin-izaguirre-cedeno-apresentou-seu-disco-que-exibe-um-amplo-leque-de-sons-latino-americanos\/","title":{"rendered":"O grande clarinetista costa-riquenho Lenin Izaguirre Cede\u00f1o apresentou seu disco que exibe um amplo leque de sons latino-americanos"},"content":{"rendered":"<p>O disco integra ritmos muito diversos de toda a Am\u00e9rica Latina: bolero, valsa, choro, tango, son e merengue venezuelano entre outros. Em busca de gerar e visualizar mais repert\u00f3rio latino-americano para clarinete e cordas, Lenin Izaguirre junto a uma grande quantidade de m\u00fasicos que colaboraram em seu projeto, levaram adiante um longo processo de encomenda de obras, adapta\u00e7\u00e3o, orquestra\u00e7\u00e3o, produ\u00e7\u00e3o e grava\u00e7\u00e3o que levou \u00e0 cria\u00e7\u00e3o de um valioso material que cont\u00e9m: Suite Latino-americana de Vinicio Meza (Costa Rica), Oblivion de Astor Piazzolla (Argentina), Recuerdos de la Abuela Tomasa de Pablo Gil (Venezuela) e Dos Boleros para um Reencontro de Alonso Torres (Costa Rica).<\/p>\n<p>Lan\u00e7amento virtual: domingo 1ero de mayo por\u00a0<a href=\"https:\/\/lt.mydplr.com\/9c941ec6aec2e031c8637ebfd664dc97-81868bec073b3970fa62af291f12b42d\" target=\"_blank\" rel=\"noopener\" data-saferedirecturl=\"https:\/\/www.google.com\/url?q=https:\/\/lt.mydplr.com\/9c941ec6aec2e031c8637ebfd664dc97-81868bec073b3970fa62af291f12b42d&amp;source=gmail&amp;ust=1651857097221000&amp;usg=AOvVaw2acZtk1u-Ke93tcKWa0gKK\">www.leninizaguirre.com<\/a><br \/>\nV\u00eddeo da Oblivion de Astor Piazzolla:\u00a0<a href=\"https:\/\/lt.mydplr.com\/b9a164b9b9ea0e03d2de388394da4405-81868bec073b3970fa62af291f12b42d\" target=\"_blank\" rel=\"noopener\" data-saferedirecturl=\"https:\/\/www.google.com\/url?q=https:\/\/lt.mydplr.com\/b9a164b9b9ea0e03d2de388394da4405-81868bec073b3970fa62af291f12b42d&amp;source=gmail&amp;ust=1651857097221000&amp;usg=AOvVaw3xMbD-l1ABytFdkzce04Io\">youtube.com<\/a><\/p>\n","protected":false},"excerpt":{"rendered":"<p>O disco integra ritmos muito diversos de toda a Am\u00e9rica Latina: bolero, valsa, choro, tango, son e merengue venezuelano entre outros. Em busca de gerar e visualizar mais repert\u00f3rio latino-americano para clarinete e cordas, Lenin Izaguirre junto a uma grande quantidade de m\u00fasicos que colaboraram em seu projeto, levaram adiante um longo processo de encomenda [&hellip;]<\/p>\n","protected":false},"author":1,"featured_media":11680,"comment_status":"closed","ping_status":"closed","sticky":false,"template":"","format":"standard","meta":{"footnotes":""},"categories":[218],"tags":[],"class_list":["post-11682","post","type-post","status-publish","format-standard","has-post-thumbnail","hentry","category-noticias-generales-pt"],"lang":"pt","translations":{"pt":11682,"es":11679},"pll_sync_post":[],"post_mailing_queue_ids":[],"_links":{"self":[{"href":"http:\/\/staging.ibermusicas.org\/index.php\/wp-json\/wp\/v2\/posts\/11682","targetHints":{"allow":["GET"]}}],"collection":[{"href":"http:\/\/staging.ibermusicas.org\/index.php\/wp-json\/wp\/v2\/posts"}],"about":[{"href":"http:\/\/staging.ibermusicas.org\/index.php\/wp-json\/wp\/v2\/types\/post"}],"author":[{"embeddable":true,"href":"http:\/\/staging.ibermusicas.org\/index.php\/wp-json\/wp\/v2\/users\/1"}],"replies":[{"embeddable":true,"href":"http:\/\/staging.ibermusicas.org\/index.php\/wp-json\/wp\/v2\/comments?post=11682"}],"version-history":[{"count":1,"href":"http:\/\/staging.ibermusicas.org\/index.php\/wp-json\/wp\/v2\/posts\/11682\/revisions"}],"predecessor-version":[{"id":11683,"href":"http:\/\/staging.ibermusicas.org\/index.php\/wp-json\/wp\/v2\/posts\/11682\/revisions\/11683"}],"wp:featuredmedia":[{"embeddable":true,"href":"http:\/\/staging.ibermusicas.org\/index.php\/wp-json\/wp\/v2\/media\/11680"}],"wp:attachment":[{"href":"http:\/\/staging.ibermusicas.org\/index.php\/wp-json\/wp\/v2\/media?parent=11682"}],"wp:term":[{"taxonomy":"category","embeddable":true,"href":"http:\/\/staging.ibermusicas.org\/index.php\/wp-json\/wp\/v2\/categories?post=11682"},{"taxonomy":"post_tag","embeddable":true,"href":"http:\/\/staging.ibermusicas.org\/index.php\/wp-json\/wp\/v2\/tags?post=11682"}],"curies":[{"name":"wp","href":"https:\/\/api.w.org\/{rel}","templated":true}]}}