{"id":11687,"date":"2022-05-05T18:00:55","date_gmt":"2022-05-05T18:00:55","guid":{"rendered":"http:\/\/staging.ibermusicas.org\/?p=11687"},"modified":"2022-05-16T18:20:16","modified_gmt":"2022-05-16T18:20:16","slug":"comeca-a-edicao-especial-online-de-musicas-em-patagonia-canto-e-identidades-da-patagonia-argentina","status":"publish","type":"post","link":"http:\/\/staging.ibermusicas.org\/index.php\/comeca-a-edicao-especial-online-de-musicas-em-patagonia-canto-e-identidades-da-patagonia-argentina\/","title":{"rendered":"Come\u00e7a a edi\u00e7\u00e3o especial online de M\u00fasicas em Patagonia \u00abCanto e Identidades\u00bb, da Patag\u00f4nia Argentina"},"content":{"rendered":"<p>\u00c9 um projeto de produ\u00e7\u00e3o virtual que consiste em um ciclo de masterclasses e palestras ministradas por m\u00fasicos profissionais da Argentina e do Equador que trabalham com a voz como ferramenta de autoconhecimento e identidade atrav\u00e9s do canto. Neste caso, os m\u00fasicos convidados foram: Soema Montenegro (Argentina), Grecia Alb\u00e1n (Equador) e Ana Cachimuel (Equador). Este ciclo destina-se a estudantes de m\u00fasica com mais de 16 anos e professores de m\u00fasica de qualquer n\u00edvel e de qualquer parte do mundo; e pessoas interessadas em explorar a ferramenta de voz, com ou sem experi\u00eancia anterior em canto.<\/p>\n<p>O objetivo \u00e9 promover o interc\u00e2mbio e a diversidade da m\u00fasica latino-americana, estimular a forma\u00e7\u00e3o de novos p\u00fablicos na regi\u00e3o e ampliar o mercado de trabalho para profissionais do setor, em especial, artistas (m\u00fasicas), produtorxs e gestorxs culturais em contexto p\u00f3s-pandemia.<\/p>\n<p>S\u00e1bado, 7 de maio: Conversa<br \/>\nS\u00e1bado, 14 de maio: Masterclass 1 \u201cCanto aut\u00eantico\u201d de Grecia Alb\u00e1n<br \/>\nS\u00e1bado 28 de Maio: Masterclass 2 \u00abKichwa e Canto\u00bb de Ana Cachimuel<br \/>\nS\u00e1bado 4 de junho: Masterclass 3 \u00abA voz ancestral\u00bb de Soema Montenegro<br \/>\nS\u00e1bado 11 de junho: Masterclass 4 \u00abCanto ressonante\u00bb de Soema Montenegro<br \/>\nS\u00e1bado 25 de junho: Masterclass 5 \u201cOficina de Artistas\u201d de Grecia Alb\u00e1n<\/p>\n","protected":false},"excerpt":{"rendered":"<p>\u00c9 um projeto de produ\u00e7\u00e3o virtual que consiste em um ciclo de masterclasses e palestras ministradas por m\u00fasicos profissionais da Argentina e do Equador que trabalham com a voz como ferramenta de autoconhecimento e identidade atrav\u00e9s do canto. Neste caso, os m\u00fasicos convidados foram: Soema Montenegro (Argentina), Grecia Alb\u00e1n (Equador) e Ana Cachimuel (Equador). Este [&hellip;]<\/p>\n","protected":false},"author":1,"featured_media":11685,"comment_status":"closed","ping_status":"closed","sticky":false,"template":"","format":"standard","meta":{"footnotes":""},"categories":[218],"tags":[],"class_list":["post-11687","post","type-post","status-publish","format-standard","has-post-thumbnail","hentry","category-noticias-generales-pt"],"lang":"pt","translations":{"pt":11687,"es":11684},"pll_sync_post":[],"post_mailing_queue_ids":[],"_links":{"self":[{"href":"http:\/\/staging.ibermusicas.org\/index.php\/wp-json\/wp\/v2\/posts\/11687","targetHints":{"allow":["GET"]}}],"collection":[{"href":"http:\/\/staging.ibermusicas.org\/index.php\/wp-json\/wp\/v2\/posts"}],"about":[{"href":"http:\/\/staging.ibermusicas.org\/index.php\/wp-json\/wp\/v2\/types\/post"}],"author":[{"embeddable":true,"href":"http:\/\/staging.ibermusicas.org\/index.php\/wp-json\/wp\/v2\/users\/1"}],"replies":[{"embeddable":true,"href":"http:\/\/staging.ibermusicas.org\/index.php\/wp-json\/wp\/v2\/comments?post=11687"}],"version-history":[{"count":1,"href":"http:\/\/staging.ibermusicas.org\/index.php\/wp-json\/wp\/v2\/posts\/11687\/revisions"}],"predecessor-version":[{"id":11688,"href":"http:\/\/staging.ibermusicas.org\/index.php\/wp-json\/wp\/v2\/posts\/11687\/revisions\/11688"}],"wp:featuredmedia":[{"embeddable":true,"href":"http:\/\/staging.ibermusicas.org\/index.php\/wp-json\/wp\/v2\/media\/11685"}],"wp:attachment":[{"href":"http:\/\/staging.ibermusicas.org\/index.php\/wp-json\/wp\/v2\/media?parent=11687"}],"wp:term":[{"taxonomy":"category","embeddable":true,"href":"http:\/\/staging.ibermusicas.org\/index.php\/wp-json\/wp\/v2\/categories?post=11687"},{"taxonomy":"post_tag","embeddable":true,"href":"http:\/\/staging.ibermusicas.org\/index.php\/wp-json\/wp\/v2\/tags?post=11687"}],"curies":[{"name":"wp","href":"https:\/\/api.w.org\/{rel}","templated":true}]}}