{"id":11694,"date":"2022-05-05T18:06:47","date_gmt":"2022-05-05T18:06:47","guid":{"rendered":"http:\/\/staging.ibermusicas.org\/?p=11694"},"modified":"2022-05-05T18:06:47","modified_gmt":"2022-05-05T18:06:47","slug":"tejiendo-un-encuentro-musical-entre-panama-y-venezuela-llega-eclectic-concerts","status":"publish","type":"post","link":"http:\/\/staging.ibermusicas.org\/index.php\/tejiendo-un-encuentro-musical-entre-panama-y-venezuela-llega-eclectic-concerts\/","title":{"rendered":"Tejiendo un encuentro musical entre Panam\u00e1 y Venezuela, llega Eclectic Concerts"},"content":{"rendered":"<p>Este mes de mayo se encontrar\u00e1n virtualmente las culturas musicales del Caribe y Centroam\u00e9rica con el concierto online del vibrafonista Alfredo Naranjo junto a la percusi\u00f3n de Nen\u00e9 Quintero, ambos venezolanos y el percusionista paname\u00f1o Omar Ded\u00e9 D\u00edaz junto a otros invitados especiales. Una fusi\u00f3n de armon\u00edas y ritmos sazonados con instrumentos de la percusi\u00f3n folcl\u00f3rica latinoamericana. La presentaci\u00f3n contar\u00e1 adem\u00e1s con un documental sobre lo que representa esta fusi\u00f3n musical y con acceso a clases magistrales de los participantes.<\/p>\n<p>Transmisiones a partir del 16 de mayo por: <a href=\"https:\/\/lt.mydplr.com\/525ba89b9df6fc4d6ee8f531eee8630c-81868bec073b3970fa62af291f12b42d\" target=\"_blank\" rel=\"noopener\" data-saferedirecturl=\"https:\/\/www.google.com\/url?q=https:\/\/lt.mydplr.com\/525ba89b9df6fc4d6ee8f531eee8630c-81868bec073b3970fa62af291f12b42d&amp;source=gmail&amp;ust=1651857097222000&amp;usg=AOvVaw3xw6KkmGXLY7mfOxNNXSWV\">youtube.com<\/a><\/p>\n","protected":false},"excerpt":{"rendered":"<p>Este mes de mayo se encontrar\u00e1n virtualmente las culturas musicales del Caribe y Centroam\u00e9rica con el concierto online del vibrafonista Alfredo Naranjo junto a la percusi\u00f3n de Nen\u00e9 Quintero, ambos venezolanos y el percusionista paname\u00f1o Omar Ded\u00e9 D\u00edaz junto a otros invitados especiales. Una fusi\u00f3n de armon\u00edas y ritmos sazonados con instrumentos de la percusi\u00f3n [&hellip;]<\/p>\n","protected":false},"author":1,"featured_media":11695,"comment_status":"closed","ping_status":"closed","sticky":false,"template":"","format":"standard","meta":{"footnotes":""},"categories":[53],"tags":[],"class_list":["post-11694","post","type-post","status-publish","format-standard","has-post-thumbnail","hentry","category-noticias-generales"],"lang":"es","translations":{"es":11694,"pt":11697},"pll_sync_post":[],"post_mailing_queue_ids":[],"_links":{"self":[{"href":"http:\/\/staging.ibermusicas.org\/index.php\/wp-json\/wp\/v2\/posts\/11694","targetHints":{"allow":["GET"]}}],"collection":[{"href":"http:\/\/staging.ibermusicas.org\/index.php\/wp-json\/wp\/v2\/posts"}],"about":[{"href":"http:\/\/staging.ibermusicas.org\/index.php\/wp-json\/wp\/v2\/types\/post"}],"author":[{"embeddable":true,"href":"http:\/\/staging.ibermusicas.org\/index.php\/wp-json\/wp\/v2\/users\/1"}],"replies":[{"embeddable":true,"href":"http:\/\/staging.ibermusicas.org\/index.php\/wp-json\/wp\/v2\/comments?post=11694"}],"version-history":[{"count":1,"href":"http:\/\/staging.ibermusicas.org\/index.php\/wp-json\/wp\/v2\/posts\/11694\/revisions"}],"predecessor-version":[{"id":11696,"href":"http:\/\/staging.ibermusicas.org\/index.php\/wp-json\/wp\/v2\/posts\/11694\/revisions\/11696"}],"wp:featuredmedia":[{"embeddable":true,"href":"http:\/\/staging.ibermusicas.org\/index.php\/wp-json\/wp\/v2\/media\/11695"}],"wp:attachment":[{"href":"http:\/\/staging.ibermusicas.org\/index.php\/wp-json\/wp\/v2\/media?parent=11694"}],"wp:term":[{"taxonomy":"category","embeddable":true,"href":"http:\/\/staging.ibermusicas.org\/index.php\/wp-json\/wp\/v2\/categories?post=11694"},{"taxonomy":"post_tag","embeddable":true,"href":"http:\/\/staging.ibermusicas.org\/index.php\/wp-json\/wp\/v2\/tags?post=11694"}],"curies":[{"name":"wp","href":"https:\/\/api.w.org\/{rel}","templated":true}]}}