{"id":11697,"date":"2022-05-05T18:09:17","date_gmt":"2022-05-05T18:09:17","guid":{"rendered":"http:\/\/staging.ibermusicas.org\/?p=11697"},"modified":"2022-05-05T18:09:17","modified_gmt":"2022-05-05T18:09:17","slug":"tecendo-um-encontro-musical-entre-panama-e-venezuela-chega-a-eclectic-concerts","status":"publish","type":"post","link":"http:\/\/staging.ibermusicas.org\/index.php\/tecendo-um-encontro-musical-entre-panama-e-venezuela-chega-a-eclectic-concerts\/","title":{"rendered":"Tecendo um encontro musical entre Panam\u00e1 e Venezuela, chega a Eclectic Concerts"},"content":{"rendered":"<p>Neste m\u00eas de maio, as culturas musicais do Caribe e da Am\u00e9rica Central se encontrar\u00e3o virtualmente com o concerto online do vibrafonista Alfredo Naranjo junto com a percuss\u00e3o de Nen\u00e9 Quintero, ambos venezuelanos, e o percussionista panamenho Omar Ded\u00e9 D\u00edaz e outros convidados especiais. Uma fus\u00e3o de harmonias e ritmos temperados com instrumentos de percuss\u00e3o folcl\u00f3rica latino-americana. A apresenta\u00e7\u00e3o incluir\u00e1 ainda um document\u00e1rio sobre o que representa esta fus\u00e3o musical e com acesso a master classes ministradas pelos participantes.<\/p>\n<p>Transmiss\u00f5es a partir de 16 de maio por:\u00a0<a href=\"https:\/\/lt.mydplr.com\/525ba89b9df6fc4d6ee8f531eee8630c-81868bec073b3970fa62af291f12b42d\" target=\"_blank\" rel=\"noopener\" data-saferedirecturl=\"https:\/\/www.google.com\/url?q=https:\/\/lt.mydplr.com\/525ba89b9df6fc4d6ee8f531eee8630c-81868bec073b3970fa62af291f12b42d&amp;source=gmail&amp;ust=1651857097222000&amp;usg=AOvVaw3xw6KkmGXLY7mfOxNNXSWV\">youtube.com<\/a><\/p>\n","protected":false},"excerpt":{"rendered":"<p>Neste m\u00eas de maio, as culturas musicais do Caribe e da Am\u00e9rica Central se encontrar\u00e3o virtualmente com o concerto online do vibrafonista Alfredo Naranjo junto com a percuss\u00e3o de Nen\u00e9 Quintero, ambos venezuelanos, e o percussionista panamenho Omar Ded\u00e9 D\u00edaz e outros convidados especiais. Uma fus\u00e3o de harmonias e ritmos temperados com instrumentos de percuss\u00e3o [&hellip;]<\/p>\n","protected":false},"author":1,"featured_media":11695,"comment_status":"closed","ping_status":"closed","sticky":false,"template":"","format":"standard","meta":{"footnotes":""},"categories":[218],"tags":[],"class_list":["post-11697","post","type-post","status-publish","format-standard","has-post-thumbnail","hentry","category-noticias-generales-pt"],"lang":"pt","translations":{"pt":11697,"es":11694},"pll_sync_post":[],"post_mailing_queue_ids":[],"_links":{"self":[{"href":"http:\/\/staging.ibermusicas.org\/index.php\/wp-json\/wp\/v2\/posts\/11697","targetHints":{"allow":["GET"]}}],"collection":[{"href":"http:\/\/staging.ibermusicas.org\/index.php\/wp-json\/wp\/v2\/posts"}],"about":[{"href":"http:\/\/staging.ibermusicas.org\/index.php\/wp-json\/wp\/v2\/types\/post"}],"author":[{"embeddable":true,"href":"http:\/\/staging.ibermusicas.org\/index.php\/wp-json\/wp\/v2\/users\/1"}],"replies":[{"embeddable":true,"href":"http:\/\/staging.ibermusicas.org\/index.php\/wp-json\/wp\/v2\/comments?post=11697"}],"version-history":[{"count":1,"href":"http:\/\/staging.ibermusicas.org\/index.php\/wp-json\/wp\/v2\/posts\/11697\/revisions"}],"predecessor-version":[{"id":11698,"href":"http:\/\/staging.ibermusicas.org\/index.php\/wp-json\/wp\/v2\/posts\/11697\/revisions\/11698"}],"wp:featuredmedia":[{"embeddable":true,"href":"http:\/\/staging.ibermusicas.org\/index.php\/wp-json\/wp\/v2\/media\/11695"}],"wp:attachment":[{"href":"http:\/\/staging.ibermusicas.org\/index.php\/wp-json\/wp\/v2\/media?parent=11697"}],"wp:term":[{"taxonomy":"category","embeddable":true,"href":"http:\/\/staging.ibermusicas.org\/index.php\/wp-json\/wp\/v2\/categories?post=11697"},{"taxonomy":"post_tag","embeddable":true,"href":"http:\/\/staging.ibermusicas.org\/index.php\/wp-json\/wp\/v2\/tags?post=11697"}],"curies":[{"name":"wp","href":"https:\/\/api.w.org\/{rel}","templated":true}]}}