{"id":11699,"date":"2022-05-05T18:10:35","date_gmt":"2022-05-05T18:10:35","guid":{"rendered":"http:\/\/staging.ibermusicas.org\/?p=11699"},"modified":"2022-05-05T18:10:35","modified_gmt":"2022-05-05T18:10:35","slug":"hugo-ferreira-20-anos-es-el-nuevo-trabajo-discografico-y-audiovisual-de-este-gran-cantautor-paraguayo","status":"publish","type":"post","link":"http:\/\/staging.ibermusicas.org\/index.php\/hugo-ferreira-20-anos-es-el-nuevo-trabajo-discografico-y-audiovisual-de-este-gran-cantautor-paraguayo\/","title":{"rendered":"Hugo Ferreira &#8211; 20 a\u00f1os, es el nuevo trabajo discogr\u00e1fico y audiovisual de este gran cantautor Paraguayo"},"content":{"rendered":"<p>El cantautor paraguayo Hugo Ferreira presenta un proyecto que consiste en la grabaci\u00f3n, edici\u00f3n, mezcla, masterizaci\u00f3n y edici\u00f3n en video de diez canciones in\u00e9ditas de su autor\u00eda. Las mismas ir\u00e1n acompa\u00f1adas de un videoclip para ser difundidas en redes sociales y plataformas de distribuci\u00f3n digital. Este disco nuevo constituye un avance significativo en la carrera del cantautor dado el alto nivel literario y musical de las canciones propuestas y la participaci\u00f3n de artistas reconocidos en el \u00e1mbito de la m\u00fasica popular latinoamericana, quienes, distribuidos por el mundo, trabajar\u00e1n en red, de manera virtual y on line. Contar\u00e1 con el productor argentino Willy Suchar trabajando desde Paraguay; el bajista brasile\u00f1o Alex Mesquita desde el Brasil; el guitarrista paraguayo residente en Washington Dani Cortaza desde los Estados Unidos, el reconocido pianista uruguayo Hugo Fattoruso desde el Uruguay, adem\u00e1s del productor uruguayo Martin Brizolara, los argentinos Juan Carlos Baglietto y Lito Vitale, el legendario d\u00fao uruguayo Larbanois-Carrero y el cantautor y productor peruano Javier Lazo. El disco cuenta con composiciones en ritmos folkl\u00f3ricos paraguayos y latinoamericanos en fusiones con aire de jazz, pop y rock.<\/p>\n","protected":false},"excerpt":{"rendered":"<p>El cantautor paraguayo Hugo Ferreira presenta un proyecto que consiste en la grabaci\u00f3n, edici\u00f3n, mezcla, masterizaci\u00f3n y edici\u00f3n en video de diez canciones in\u00e9ditas de su autor\u00eda. Las mismas ir\u00e1n acompa\u00f1adas de un videoclip para ser difundidas en redes sociales y plataformas de distribuci\u00f3n digital. Este disco nuevo constituye un avance significativo en la carrera [&hellip;]<\/p>\n","protected":false},"author":1,"featured_media":11700,"comment_status":"closed","ping_status":"closed","sticky":false,"template":"","format":"standard","meta":{"footnotes":""},"categories":[53],"tags":[],"class_list":["post-11699","post","type-post","status-publish","format-standard","has-post-thumbnail","hentry","category-noticias-generales"],"lang":"es","translations":{"es":11699,"pt":11702},"pll_sync_post":[],"post_mailing_queue_ids":[],"_links":{"self":[{"href":"http:\/\/staging.ibermusicas.org\/index.php\/wp-json\/wp\/v2\/posts\/11699","targetHints":{"allow":["GET"]}}],"collection":[{"href":"http:\/\/staging.ibermusicas.org\/index.php\/wp-json\/wp\/v2\/posts"}],"about":[{"href":"http:\/\/staging.ibermusicas.org\/index.php\/wp-json\/wp\/v2\/types\/post"}],"author":[{"embeddable":true,"href":"http:\/\/staging.ibermusicas.org\/index.php\/wp-json\/wp\/v2\/users\/1"}],"replies":[{"embeddable":true,"href":"http:\/\/staging.ibermusicas.org\/index.php\/wp-json\/wp\/v2\/comments?post=11699"}],"version-history":[{"count":1,"href":"http:\/\/staging.ibermusicas.org\/index.php\/wp-json\/wp\/v2\/posts\/11699\/revisions"}],"predecessor-version":[{"id":11701,"href":"http:\/\/staging.ibermusicas.org\/index.php\/wp-json\/wp\/v2\/posts\/11699\/revisions\/11701"}],"wp:featuredmedia":[{"embeddable":true,"href":"http:\/\/staging.ibermusicas.org\/index.php\/wp-json\/wp\/v2\/media\/11700"}],"wp:attachment":[{"href":"http:\/\/staging.ibermusicas.org\/index.php\/wp-json\/wp\/v2\/media?parent=11699"}],"wp:term":[{"taxonomy":"category","embeddable":true,"href":"http:\/\/staging.ibermusicas.org\/index.php\/wp-json\/wp\/v2\/categories?post=11699"},{"taxonomy":"post_tag","embeddable":true,"href":"http:\/\/staging.ibermusicas.org\/index.php\/wp-json\/wp\/v2\/tags?post=11699"}],"curies":[{"name":"wp","href":"https:\/\/api.w.org\/{rel}","templated":true}]}}