{"id":11704,"date":"2022-05-05T18:19:11","date_gmt":"2022-05-05T18:19:11","guid":{"rendered":"http:\/\/staging.ibermusicas.org\/?p=11704"},"modified":"2022-05-05T18:19:11","modified_gmt":"2022-05-05T18:19:11","slug":"desde-colombia-continua-introduccion-a-la-ensenanza-musical-y-herramientas-didacticas","status":"publish","type":"post","link":"http:\/\/staging.ibermusicas.org\/index.php\/desde-colombia-continua-introduccion-a-la-ensenanza-musical-y-herramientas-didacticas\/","title":{"rendered":"Desde Colombia contin\u00faa Introducci\u00f3n a la Ense\u00f1anza Musical y Herramientas Did\u00e1cticas"},"content":{"rendered":"<p>Cinco destacados docentes presentar\u00e1n conceptos y estrategias pedag\u00f3gicas del m\u00e9todo Suzuki, que han sido implementadas y enriquecidas con el trabajo desarrollado durante veintid\u00f3s a\u00f1os en la Universidad Nacional de Colombia. Durante el desarrollo de este curso virtual, se abordar\u00e1n conceptos clave del m\u00e9todo, se analizar\u00e1n casos pr\u00e1cticos y se discutir\u00e1n estrategias para su implementaci\u00f3n en el aula de clase.<\/p>\n<p>Lunes 2 de Mayo<br \/>\nMi\u00e9rcoles 4 de Mayo<br \/>\nLunes 9 de Mayo<br \/>\nMi\u00e9rcoles 11 de Mayo<br \/>\nLunes 16 de Mayo<br \/>\nMi\u00e9rcoles 18 de Mayo<br \/>\nLunes 23 de Mayo<br \/>\nMi\u00e9rcoles 25 de Mayo<\/p>\n","protected":false},"excerpt":{"rendered":"<p>Cinco destacados docentes presentar\u00e1n conceptos y estrategias pedag\u00f3gicas del m\u00e9todo Suzuki, que han sido implementadas y enriquecidas con el trabajo desarrollado durante veintid\u00f3s a\u00f1os en la Universidad Nacional de Colombia. Durante el desarrollo de este curso virtual, se abordar\u00e1n conceptos clave del m\u00e9todo, se analizar\u00e1n casos pr\u00e1cticos y se discutir\u00e1n estrategias para su implementaci\u00f3n en [&hellip;]<\/p>\n","protected":false},"author":1,"featured_media":11705,"comment_status":"closed","ping_status":"closed","sticky":false,"template":"","format":"standard","meta":{"footnotes":""},"categories":[53],"tags":[],"class_list":["post-11704","post","type-post","status-publish","format-standard","has-post-thumbnail","hentry","category-noticias-generales"],"lang":"es","translations":{"es":11704,"pt":11707},"pll_sync_post":[],"post_mailing_queue_ids":[],"_links":{"self":[{"href":"http:\/\/staging.ibermusicas.org\/index.php\/wp-json\/wp\/v2\/posts\/11704","targetHints":{"allow":["GET"]}}],"collection":[{"href":"http:\/\/staging.ibermusicas.org\/index.php\/wp-json\/wp\/v2\/posts"}],"about":[{"href":"http:\/\/staging.ibermusicas.org\/index.php\/wp-json\/wp\/v2\/types\/post"}],"author":[{"embeddable":true,"href":"http:\/\/staging.ibermusicas.org\/index.php\/wp-json\/wp\/v2\/users\/1"}],"replies":[{"embeddable":true,"href":"http:\/\/staging.ibermusicas.org\/index.php\/wp-json\/wp\/v2\/comments?post=11704"}],"version-history":[{"count":1,"href":"http:\/\/staging.ibermusicas.org\/index.php\/wp-json\/wp\/v2\/posts\/11704\/revisions"}],"predecessor-version":[{"id":11706,"href":"http:\/\/staging.ibermusicas.org\/index.php\/wp-json\/wp\/v2\/posts\/11704\/revisions\/11706"}],"wp:featuredmedia":[{"embeddable":true,"href":"http:\/\/staging.ibermusicas.org\/index.php\/wp-json\/wp\/v2\/media\/11705"}],"wp:attachment":[{"href":"http:\/\/staging.ibermusicas.org\/index.php\/wp-json\/wp\/v2\/media?parent=11704"}],"wp:term":[{"taxonomy":"category","embeddable":true,"href":"http:\/\/staging.ibermusicas.org\/index.php\/wp-json\/wp\/v2\/categories?post=11704"},{"taxonomy":"post_tag","embeddable":true,"href":"http:\/\/staging.ibermusicas.org\/index.php\/wp-json\/wp\/v2\/tags?post=11704"}],"curies":[{"name":"wp","href":"https:\/\/api.w.org\/{rel}","templated":true}]}}