{"id":11707,"date":"2022-05-05T18:20:08","date_gmt":"2022-05-05T18:20:08","guid":{"rendered":"http:\/\/staging.ibermusicas.org\/?p=11707"},"modified":"2022-05-05T18:20:08","modified_gmt":"2022-05-05T18:20:08","slug":"da-colombia-continua-introducao-ao-ensino-musical-e-ferramentas-didaticas","status":"publish","type":"post","link":"http:\/\/staging.ibermusicas.org\/index.php\/da-colombia-continua-introducao-ao-ensino-musical-e-ferramentas-didaticas\/","title":{"rendered":"Da Col\u00f4mbia cont\u00ednua Introdu\u00e7\u00e3o ao Ensino Musical e Ferramentas Did\u00e1ticas"},"content":{"rendered":"<p>Cinco destacados docentes apresentar\u00e3o conceitos e estrat\u00e9gias pedag\u00f3gicas do m\u00e9todo Suzuki, que foram implementadas e enriquecidas com o trabalho desenvolvido durante vinte e dois anos na Universidade Nacional da Col\u00f4mbia. Durante o desenvolvimento deste curso virtual, ser\u00e3o abordados conceitos-chave do m\u00e9todo, ser\u00e3o analisados casos pr\u00e1ticos e ser\u00e3o discutidas estrat\u00e9gias para sua implementa\u00e7\u00e3o na sala de aula.<\/p>\n<p>Segunda-feira, 2 de Maio<br \/>\nQuarta-feira, 4 de Maio<br \/>\nSegunda-feira, 9 de Maio<br \/>\nQuarta-feira, 11 de Maio<br \/>\nSegunda-feira, 16 de Maio<br \/>\nQuarta-feira, 18 de Maio<br \/>\nSegunda-feira, 23 de Maio<br \/>\nQuarta-feira, 25 de Maio de 2003<\/p>\n","protected":false},"excerpt":{"rendered":"<p>Cinco destacados docentes apresentar\u00e3o conceitos e estrat\u00e9gias pedag\u00f3gicas do m\u00e9todo Suzuki, que foram implementadas e enriquecidas com o trabalho desenvolvido durante vinte e dois anos na Universidade Nacional da Col\u00f4mbia. Durante o desenvolvimento deste curso virtual, ser\u00e3o abordados conceitos-chave do m\u00e9todo, ser\u00e3o analisados casos pr\u00e1ticos e ser\u00e3o discutidas estrat\u00e9gias para sua implementa\u00e7\u00e3o na sala de [&hellip;]<\/p>\n","protected":false},"author":1,"featured_media":11705,"comment_status":"closed","ping_status":"closed","sticky":false,"template":"","format":"standard","meta":{"footnotes":""},"categories":[218],"tags":[],"class_list":["post-11707","post","type-post","status-publish","format-standard","has-post-thumbnail","hentry","category-noticias-generales-pt"],"lang":"pt","translations":{"pt":11707,"es":11704},"pll_sync_post":[],"post_mailing_queue_ids":[],"_links":{"self":[{"href":"http:\/\/staging.ibermusicas.org\/index.php\/wp-json\/wp\/v2\/posts\/11707","targetHints":{"allow":["GET"]}}],"collection":[{"href":"http:\/\/staging.ibermusicas.org\/index.php\/wp-json\/wp\/v2\/posts"}],"about":[{"href":"http:\/\/staging.ibermusicas.org\/index.php\/wp-json\/wp\/v2\/types\/post"}],"author":[{"embeddable":true,"href":"http:\/\/staging.ibermusicas.org\/index.php\/wp-json\/wp\/v2\/users\/1"}],"replies":[{"embeddable":true,"href":"http:\/\/staging.ibermusicas.org\/index.php\/wp-json\/wp\/v2\/comments?post=11707"}],"version-history":[{"count":1,"href":"http:\/\/staging.ibermusicas.org\/index.php\/wp-json\/wp\/v2\/posts\/11707\/revisions"}],"predecessor-version":[{"id":11708,"href":"http:\/\/staging.ibermusicas.org\/index.php\/wp-json\/wp\/v2\/posts\/11707\/revisions\/11708"}],"wp:featuredmedia":[{"embeddable":true,"href":"http:\/\/staging.ibermusicas.org\/index.php\/wp-json\/wp\/v2\/media\/11705"}],"wp:attachment":[{"href":"http:\/\/staging.ibermusicas.org\/index.php\/wp-json\/wp\/v2\/media?parent=11707"}],"wp:term":[{"taxonomy":"category","embeddable":true,"href":"http:\/\/staging.ibermusicas.org\/index.php\/wp-json\/wp\/v2\/categories?post=11707"},{"taxonomy":"post_tag","embeddable":true,"href":"http:\/\/staging.ibermusicas.org\/index.php\/wp-json\/wp\/v2\/tags?post=11707"}],"curies":[{"name":"wp","href":"https:\/\/api.w.org\/{rel}","templated":true}]}}