{"id":11709,"date":"2022-05-05T18:21:02","date_gmt":"2022-05-05T18:21:02","guid":{"rendered":"http:\/\/staging.ibermusicas.org\/?p=11709"},"modified":"2022-05-05T18:21:02","modified_gmt":"2022-05-05T18:21:02","slug":"continua-dicen-que-en-la-mar-se-juntan-encuentros-de-ida-y-vuelta-del-folclor-de-mexico-y-chile","status":"publish","type":"post","link":"http:\/\/staging.ibermusicas.org\/index.php\/continua-dicen-que-en-la-mar-se-juntan-encuentros-de-ida-y-vuelta-del-folclor-de-mexico-y-chile\/","title":{"rendered":"Contin\u00faa \u201cDicen que en la mar se juntan\u201d, encuentros de ida y vuelta del folclor de M\u00e9xico y Chile"},"content":{"rendered":"<p>En el marco independentista latinoamericano, los pueblos de Chile y M\u00e9xico se encuentran en su folclor musical donde fluyen dos tradiciones hermanas, cada cual, con sus respectivas est\u00e9ticas, elementos sonoros y tem\u00e1ticas compartidas: la Cueca y Tonada Chilena, y paralelamente a otras expresiones como el Son de Tierra Caliente del Occidente de M\u00e9xico.<\/p>\n<p>La propuesta plantea una producci\u00f3n audiovisual de cuatro cap\u00edtulos, trazados desde la poes\u00eda del canto a lo poeta y del baile tradicional, a modo de lienzos revestidos de im\u00e1genes simb\u00f3licas y evocativas, que caracterizan los paralelismos est\u00e9ticos e identitarios de ambas tradiciones musicales.<\/p>\n<p>Viernes 27 de mayo, viernes 1 de junio, viernes 5 de agosto y viernes 14 de octubre, edici\u00f3n especial que articular\u00e1 los cuatro cap\u00edtulos.<\/p>\n<p><a href=\"https:\/\/lt.mydplr.com\/5687a2ec5b65c6686abe6414a5a3ac07-81868bec073b3970fa62af291f12b42d\" target=\"_blank\" rel=\"noopener\" data-saferedirecturl=\"https:\/\/www.google.com\/url?q=https:\/\/lt.mydplr.com\/5687a2ec5b65c6686abe6414a5a3ac07-81868bec073b3970fa62af291f12b42d&amp;source=gmail&amp;ust=1651857097222000&amp;usg=AOvVaw0xW_zIFw_mViPg5ipHZSxp\">youtube.com<\/a><\/p>\n","protected":false},"excerpt":{"rendered":"<p>En el marco independentista latinoamericano, los pueblos de Chile y M\u00e9xico se encuentran en su folclor musical donde fluyen dos tradiciones hermanas, cada cual, con sus respectivas est\u00e9ticas, elementos sonoros y tem\u00e1ticas compartidas: la Cueca y Tonada Chilena, y paralelamente a otras expresiones como el Son de Tierra Caliente del Occidente de M\u00e9xico. La propuesta [&hellip;]<\/p>\n","protected":false},"author":1,"featured_media":11710,"comment_status":"closed","ping_status":"closed","sticky":false,"template":"","format":"standard","meta":{"footnotes":""},"categories":[53],"tags":[],"class_list":["post-11709","post","type-post","status-publish","format-standard","has-post-thumbnail","hentry","category-noticias-generales"],"lang":"es","translations":{"es":11709,"pt":11712},"pll_sync_post":[],"post_mailing_queue_ids":[],"_links":{"self":[{"href":"http:\/\/staging.ibermusicas.org\/index.php\/wp-json\/wp\/v2\/posts\/11709","targetHints":{"allow":["GET"]}}],"collection":[{"href":"http:\/\/staging.ibermusicas.org\/index.php\/wp-json\/wp\/v2\/posts"}],"about":[{"href":"http:\/\/staging.ibermusicas.org\/index.php\/wp-json\/wp\/v2\/types\/post"}],"author":[{"embeddable":true,"href":"http:\/\/staging.ibermusicas.org\/index.php\/wp-json\/wp\/v2\/users\/1"}],"replies":[{"embeddable":true,"href":"http:\/\/staging.ibermusicas.org\/index.php\/wp-json\/wp\/v2\/comments?post=11709"}],"version-history":[{"count":1,"href":"http:\/\/staging.ibermusicas.org\/index.php\/wp-json\/wp\/v2\/posts\/11709\/revisions"}],"predecessor-version":[{"id":11711,"href":"http:\/\/staging.ibermusicas.org\/index.php\/wp-json\/wp\/v2\/posts\/11709\/revisions\/11711"}],"wp:featuredmedia":[{"embeddable":true,"href":"http:\/\/staging.ibermusicas.org\/index.php\/wp-json\/wp\/v2\/media\/11710"}],"wp:attachment":[{"href":"http:\/\/staging.ibermusicas.org\/index.php\/wp-json\/wp\/v2\/media?parent=11709"}],"wp:term":[{"taxonomy":"category","embeddable":true,"href":"http:\/\/staging.ibermusicas.org\/index.php\/wp-json\/wp\/v2\/categories?post=11709"},{"taxonomy":"post_tag","embeddable":true,"href":"http:\/\/staging.ibermusicas.org\/index.php\/wp-json\/wp\/v2\/tags?post=11709"}],"curies":[{"name":"wp","href":"https:\/\/api.w.org\/{rel}","templated":true}]}}