{"id":11712,"date":"2022-05-05T18:31:06","date_gmt":"2022-05-05T18:31:06","guid":{"rendered":"http:\/\/staging.ibermusicas.org\/?p=11712"},"modified":"2022-05-05T18:31:06","modified_gmt":"2022-05-05T18:31:06","slug":"continua-dizem-que-no-mar-se-juntam-encontros-de-ida-e-volta-do-folclore-do-mexico-e-do-chile","status":"publish","type":"post","link":"http:\/\/staging.ibermusicas.org\/index.php\/continua-dizem-que-no-mar-se-juntam-encontros-de-ida-e-volta-do-folclore-do-mexico-e-do-chile\/","title":{"rendered":"Continua \u00abDizem que no mar se juntam\u00bb, encontros de ida e volta do folclore do M\u00e9xico e do Chile"},"content":{"rendered":"<p>No marco independentista latino-americano, os povos do Chile e do M\u00e9xico se encontram em seu folclore musical onde fluem duas tradi\u00e7\u00f5es irm\u00e3s, cada qual, com suas respectivas est\u00e9ticas, elementos sonoros e tem\u00e1ticas compartilhadas: a Cueca e Tonada Chilena, e paralelamente a outras express\u00f5es como o Som da Terra Quente do Ocidente do M\u00e9xico.<\/p>\n<p>O projeto prop\u00f5e uma produ\u00e7\u00e3o audiovisual de quatro cap\u00edtulos, tra\u00e7ados desde a poesia do canto ao poeta e da dan\u00e7a tradicional, a modo de telas revestidas de imagens simb\u00f3licas e evocativas, que caracterizam os paralelismos est\u00e9ticos e identit\u00e1rios de ambas as tradi\u00e7\u00f5es musicais.<\/p>\n<p>Sexta-feira, 27 de Maio, sexta-feira, 1 de Junho, sexta-feira, 5 de Agosto e sexta-feira, 14 de Outubro, edi\u00e7\u00e3o especial que vai articular os quatro cap\u00edtulos.<\/p>\n<p><a href=\"https:\/\/lt.mydplr.com\/5687a2ec5b65c6686abe6414a5a3ac07-81868bec073b3970fa62af291f12b42d\" target=\"_blank\" rel=\"noopener\" data-saferedirecturl=\"https:\/\/www.google.com\/url?q=https:\/\/lt.mydplr.com\/5687a2ec5b65c6686abe6414a5a3ac07-81868bec073b3970fa62af291f12b42d&amp;source=gmail&amp;ust=1651857097222000&amp;usg=AOvVaw0xW_zIFw_mViPg5ipHZSxp\">youtube.com<\/a><\/p>\n","protected":false},"excerpt":{"rendered":"<p>No marco independentista latino-americano, os povos do Chile e do M\u00e9xico se encontram em seu folclore musical onde fluem duas tradi\u00e7\u00f5es irm\u00e3s, cada qual, com suas respectivas est\u00e9ticas, elementos sonoros e tem\u00e1ticas compartilhadas: a Cueca e Tonada Chilena, e paralelamente a outras express\u00f5es como o Som da Terra Quente do Ocidente do M\u00e9xico. O projeto [&hellip;]<\/p>\n","protected":false},"author":1,"featured_media":11710,"comment_status":"closed","ping_status":"closed","sticky":false,"template":"","format":"standard","meta":{"footnotes":""},"categories":[218],"tags":[],"class_list":["post-11712","post","type-post","status-publish","format-standard","has-post-thumbnail","hentry","category-noticias-generales-pt"],"lang":"pt","translations":{"pt":11712,"es":11709},"pll_sync_post":[],"post_mailing_queue_ids":[],"_links":{"self":[{"href":"http:\/\/staging.ibermusicas.org\/index.php\/wp-json\/wp\/v2\/posts\/11712","targetHints":{"allow":["GET"]}}],"collection":[{"href":"http:\/\/staging.ibermusicas.org\/index.php\/wp-json\/wp\/v2\/posts"}],"about":[{"href":"http:\/\/staging.ibermusicas.org\/index.php\/wp-json\/wp\/v2\/types\/post"}],"author":[{"embeddable":true,"href":"http:\/\/staging.ibermusicas.org\/index.php\/wp-json\/wp\/v2\/users\/1"}],"replies":[{"embeddable":true,"href":"http:\/\/staging.ibermusicas.org\/index.php\/wp-json\/wp\/v2\/comments?post=11712"}],"version-history":[{"count":1,"href":"http:\/\/staging.ibermusicas.org\/index.php\/wp-json\/wp\/v2\/posts\/11712\/revisions"}],"predecessor-version":[{"id":11713,"href":"http:\/\/staging.ibermusicas.org\/index.php\/wp-json\/wp\/v2\/posts\/11712\/revisions\/11713"}],"wp:featuredmedia":[{"embeddable":true,"href":"http:\/\/staging.ibermusicas.org\/index.php\/wp-json\/wp\/v2\/media\/11710"}],"wp:attachment":[{"href":"http:\/\/staging.ibermusicas.org\/index.php\/wp-json\/wp\/v2\/media?parent=11712"}],"wp:term":[{"taxonomy":"category","embeddable":true,"href":"http:\/\/staging.ibermusicas.org\/index.php\/wp-json\/wp\/v2\/categories?post=11712"},{"taxonomy":"post_tag","embeddable":true,"href":"http:\/\/staging.ibermusicas.org\/index.php\/wp-json\/wp\/v2\/tags?post=11712"}],"curies":[{"name":"wp","href":"https:\/\/api.w.org\/{rel}","templated":true}]}}