{"id":11717,"date":"2022-05-05T18:39:18","date_gmt":"2022-05-05T18:39:18","guid":{"rendered":"http:\/\/staging.ibermusicas.org\/?p=11717"},"modified":"2022-05-05T18:39:18","modified_gmt":"2022-05-05T18:39:18","slug":"do-mexico-o-cmmas-continua-com-os-concertos-da-edicao-2022-do-festival-perspectivas-sonoras-2","status":"publish","type":"post","link":"http:\/\/staging.ibermusicas.org\/index.php\/do-mexico-o-cmmas-continua-com-os-concertos-da-edicao-2022-do-festival-perspectivas-sonoras-2\/","title":{"rendered":"Do M\u00e9xico, o CMMAS continua com os concertos da edi\u00e7\u00e3o 2022 do Festival Perspectivas Sonoras"},"content":{"rendered":"<p>Perspectivas Sonoras 2022 \u00e9 um ciclo de concertos em linha e mesas redondas a desenvolver-se entre mar\u00e7o e outubro de 2022, organizadas pelo Centro Mexicano para a M\u00fasica e as Artes Sonoras. Apresentam-se 24 concertos e 6 mesas redondas com 25 artistas internacionais. Cada concerto apresentar\u00e1 entre 5 e 6 pe\u00e7as dando um total de 120 a 150 obras, incluindo estreias mundiais e no M\u00e9xico.<\/p>\n<p>Perspectivas Sonoras 2022 tem como objetivos espec\u00edficos: promover e difundir a m\u00fasica e a arte sonora ibero-americana, fomentar a cria\u00e7\u00e3o art\u00edstica, retomar atividades art\u00edsticas do CMMAS e dos artistas latino-americanos, contribuir para a reativa\u00e7\u00e3o e fortalecimento do desenvolvimento art\u00edstico no M\u00e9xico e dialogar, refletir e conceber novas formas de desenvolvimento, exibi\u00e7\u00e3o, promo\u00e7\u00e3o da m\u00fasica e a arte sonora para o futuro.<\/p>\n<p>20 de maio Sexores (Equador)<br \/>\n18 de maio Manuel Rocha Iturbide (M\u00e9xico)<\/p>\n<p><a href=\"https:\/\/lt.mydplr.com\/7eb3354b6c03c5fbb999b722240f9e80-81868bec073b3970fa62af291f12b42d\" target=\"_blank\" rel=\"noopener\" data-saferedirecturl=\"https:\/\/www.google.com\/url?q=https:\/\/lt.mydplr.com\/7eb3354b6c03c5fbb999b722240f9e80-81868bec073b3970fa62af291f12b42d&amp;source=gmail&amp;ust=1651857097222000&amp;usg=AOvVaw3SRga26c_DsUgm8LuT5w5j\">youtube.com<\/a><\/p>\n","protected":false},"excerpt":{"rendered":"<p>Perspectivas Sonoras 2022 \u00e9 um ciclo de concertos em linha e mesas redondas a desenvolver-se entre mar\u00e7o e outubro de 2022, organizadas pelo Centro Mexicano para a M\u00fasica e as Artes Sonoras. Apresentam-se 24 concertos e 6 mesas redondas com 25 artistas internacionais. Cada concerto apresentar\u00e1 entre 5 e 6 pe\u00e7as dando um total de [&hellip;]<\/p>\n","protected":false},"author":1,"featured_media":11715,"comment_status":"closed","ping_status":"closed","sticky":false,"template":"","format":"standard","meta":{"footnotes":""},"categories":[218],"tags":[],"class_list":["post-11717","post","type-post","status-publish","format-standard","has-post-thumbnail","hentry","category-noticias-generales-pt"],"lang":"pt","translations":{"pt":11717,"es":11714},"pll_sync_post":[],"post_mailing_queue_ids":[],"_links":{"self":[{"href":"http:\/\/staging.ibermusicas.org\/index.php\/wp-json\/wp\/v2\/posts\/11717","targetHints":{"allow":["GET"]}}],"collection":[{"href":"http:\/\/staging.ibermusicas.org\/index.php\/wp-json\/wp\/v2\/posts"}],"about":[{"href":"http:\/\/staging.ibermusicas.org\/index.php\/wp-json\/wp\/v2\/types\/post"}],"author":[{"embeddable":true,"href":"http:\/\/staging.ibermusicas.org\/index.php\/wp-json\/wp\/v2\/users\/1"}],"replies":[{"embeddable":true,"href":"http:\/\/staging.ibermusicas.org\/index.php\/wp-json\/wp\/v2\/comments?post=11717"}],"version-history":[{"count":1,"href":"http:\/\/staging.ibermusicas.org\/index.php\/wp-json\/wp\/v2\/posts\/11717\/revisions"}],"predecessor-version":[{"id":11718,"href":"http:\/\/staging.ibermusicas.org\/index.php\/wp-json\/wp\/v2\/posts\/11717\/revisions\/11718"}],"wp:featuredmedia":[{"embeddable":true,"href":"http:\/\/staging.ibermusicas.org\/index.php\/wp-json\/wp\/v2\/media\/11715"}],"wp:attachment":[{"href":"http:\/\/staging.ibermusicas.org\/index.php\/wp-json\/wp\/v2\/media?parent=11717"}],"wp:term":[{"taxonomy":"category","embeddable":true,"href":"http:\/\/staging.ibermusicas.org\/index.php\/wp-json\/wp\/v2\/categories?post=11717"},{"taxonomy":"post_tag","embeddable":true,"href":"http:\/\/staging.ibermusicas.org\/index.php\/wp-json\/wp\/v2\/tags?post=11717"}],"curies":[{"name":"wp","href":"https:\/\/api.w.org\/{rel}","templated":true}]}}