{"id":11723,"date":"2022-05-10T17:13:10","date_gmt":"2022-05-10T17:13:10","guid":{"rendered":"http:\/\/staging.ibermusicas.org\/?p=11723"},"modified":"2022-05-10T17:13:10","modified_gmt":"2022-05-10T17:13:10","slug":"se-publica-musica-y-politicas-publicas-para-el-desarrollo-el-libro-que-contiene-las-memorias-del-iv-coloquio-de-investigacion-musical-de-ibermusicas","status":"publish","type":"post","link":"http:\/\/staging.ibermusicas.org\/index.php\/se-publica-musica-y-politicas-publicas-para-el-desarrollo-el-libro-que-contiene-las-memorias-del-iv-coloquio-de-investigacion-musical-de-ibermusicas\/","title":{"rendered":"Se publica \u201cM\u00fasica y Pol\u00edticas P\u00fablicas para el Desarrollo\u201d el libro que contiene las Memorias del IV Coloquio de Investigaci\u00f3n Musical de Iberm\u00fasicas"},"content":{"rendered":"<p><span style=\"font-weight: 400;\">Acaba de ser publicado el libro que re\u00fane las memorias del IV Coloquio de Investigaci\u00f3n Musical Iberm\u00fasicas. Se trata de una herramienta que propicia el encuentro e intercambio entre la M\u00fasica y las Pol\u00edticas P\u00fablicas para el Desarrollo. De este modo, estas memorias que ahora se publican a disposici\u00f3n del sector musical, se enfocan hacia la mejora de la calidad de vida de las ciudadanas y los ciudadanos de nuestras naciones y reflexiona sobre la integraci\u00f3n de grupos sociales en situaci\u00f3n de vulnerabilidad constituy\u00e9ndose en un valioso instrumento para pensar al arte en general y a la m\u00fasica en particular como poderosos catalizadores de cambios sociales.<\/span><\/p>\n<p>&nbsp;<\/p>\n<p><span style=\"font-weight: 400;\">El trabajo recientemente editado contiene:<\/span><\/p>\n<p>&nbsp;<\/p>\n<ul>\n<li style=\"font-weight: 400;\" aria-level=\"1\"><span style=\"font-weight: 400;\">M\u00fasicas, colectivos y patrimonios: la gesti\u00f3n institucional del patrimonio musical en Chile tras la suscripci\u00f3n de la Convenci\u00f3n para la Salvaguardia del Patrimonio Cultural Inmaterial de la Unesco. Agust\u00edn Fernando Ruiz Zamora \u2013 Chile<\/span><\/li>\n<li style=\"font-weight: 400;\" aria-level=\"1\"><span style=\"font-weight: 400;\">Archivo Hist\u00f3rico Musical de la Universidad de Costa Rica: baluarte del patrimonio musical costarricense. Zamira Barquero Trejos \u2013 Costa Rica<\/span><\/li>\n<li style=\"font-weight: 400;\" aria-level=\"1\"><span style=\"font-weight: 400;\">La Fonoteca Nacional: 10 a\u00f1os de resguardar, preservar, investigar y difundir el patrimonio sonoro de M\u00e9xico. Guillermo Theo Hern\u00e1ndez Villalobos \u2013 M\u00e9xico<\/span><\/li>\n<li style=\"font-weight: 400;\" aria-level=\"1\"><span style=\"font-weight: 400;\">Avances y desaf\u00edos en la circulaci\u00f3n nacional y regional del patrimonio sonoro venezolano, a partir del desarrollo de las pol\u00edticas p\u00fablicas: casos recientes. Jos\u00e9 \u00c1ngel Vi\u00f1a Bol\u00edvar \u2013 Venezuela<\/span><\/li>\n<li style=\"font-weight: 400;\" aria-level=\"1\"><span style=\"font-weight: 400;\">Investigaci\u00f3n musical y archivos sonoros: el caso de Cuba. Laura D. Vilar \u00c1lvarez \u2013 Cuba<\/span><\/li>\n<li style=\"font-weight: 400;\" aria-level=\"1\"><span style=\"font-weight: 400;\">La industria de la m\u00fasica y los modelos de negocios digitales: desaf\u00edos para la elaboraci\u00f3n de pol\u00edticas. Jos\u00e9 Antonio Alonso Labanca y Diego Traveso \u2013 Uruguay<\/span><\/li>\n<li style=\"font-weight: 400;\" aria-level=\"1\"><span style=\"font-weight: 400;\">Trabajo en el arte, trabajo dom\u00e9stico y precariedad. An\u00e1lisis con enfoque de econom\u00eda feminista de la relaci\u00f3n entre las formas de organizaci\u00f3n y producci\u00f3n de las pr\u00e1cticas art\u00edsticas y el trabajo dom\u00e9stico y de cuidados. Mar\u00eda Gabriela Montalvo Armas \u2013 Ecuador<\/span><\/li>\n<li style=\"font-weight: 400;\" aria-level=\"1\"><span style=\"font-weight: 400;\">Las pol\u00edticas culturales en los pa\u00edses andinos en relaci\u00f3n a las m\u00fasicas populares: los casos de Per\u00fa y Ecuador. Fernando Arturo R\u00edos Correa \u2013 Per\u00fa<\/span><\/li>\n<li style=\"font-weight: 400;\" aria-level=\"1\"><span style=\"font-weight: 400;\">Panama Jazz Festival: del emprendimiento cultural a la ley nacional en quince a\u00f1os. William Robert Herron Mendez \u2013 Panam\u00e1<\/span><\/li>\n<li style=\"font-weight: 400;\" aria-level=\"1\"><span style=\"font-weight: 400;\">Plan Nacional de M\u00fasica para la Convivencia: una pol\u00edtica diversificada para la construcci\u00f3n de ciudadan\u00eda en Colombia. Claudia Marina Mej\u00eda Garz\u00f3n \u2013 Colombia<\/span><\/li>\n<li style=\"font-weight: 400;\" aria-level=\"1\"><span style=\"font-weight: 400;\">M\u00fasica, educaci\u00f3n y ciudadan\u00eda: el papel de los proyectos sociales en las pol\u00edticas p\u00fablicas de inclusi\u00f3n social en Brasil. Magali Oliveira Kleber \u2013 Brasil<\/span><\/li>\n<li style=\"font-weight: 400;\" aria-level=\"1\"><span style=\"font-weight: 400;\">El fomento a la m\u00fasica en la Argentina. Esteban Ignacio Agatiello Pi\u00f1ero \u2013 Argentina<\/span><\/li>\n<li style=\"font-weight: 400;\" aria-level=\"1\"><span style=\"font-weight: 400;\">Sonidos de la Tierra: \u00abCuando hay m\u00fasica la historia cambia\u00bb. La educaci\u00f3n musical como herramienta de desarrollo e inclusi\u00f3n social. Eliodoro Fleitas Villar \u2013 Paraguay<\/span><\/li>\n<\/ul>\n<p><a href=\"https:\/\/ibermusicas.s3.amazonaws.com\/2020\/04\/09222853\/Memorias-de-IV-Coloquio-Ibermusicas-Lima-Peru.pdf\">DESCARGAR LIBRO<\/a><\/p>\n","protected":false},"excerpt":{"rendered":"<p>Acaba de ser publicado el libro que re\u00fane las memorias del IV Coloquio de Investigaci\u00f3n Musical Iberm\u00fasicas. Se trata de una herramienta que propicia el encuentro e intercambio entre la M\u00fasica y las Pol\u00edticas P\u00fablicas para el Desarrollo. De este modo, estas memorias que ahora se publican a disposici\u00f3n del sector musical, se enfocan hacia [&hellip;]<\/p>\n","protected":false},"author":1,"featured_media":11724,"comment_status":"closed","ping_status":"closed","sticky":false,"template":"","format":"standard","meta":{"footnotes":""},"categories":[54],"tags":[],"class_list":["post-11723","post","type-post","status-publish","format-standard","has-post-thumbnail","hentry","category-investigacion-musical"],"lang":"es","translations":{"es":11723,"pt":11726},"pll_sync_post":[],"post_mailing_queue_ids":[],"_links":{"self":[{"href":"http:\/\/staging.ibermusicas.org\/index.php\/wp-json\/wp\/v2\/posts\/11723","targetHints":{"allow":["GET"]}}],"collection":[{"href":"http:\/\/staging.ibermusicas.org\/index.php\/wp-json\/wp\/v2\/posts"}],"about":[{"href":"http:\/\/staging.ibermusicas.org\/index.php\/wp-json\/wp\/v2\/types\/post"}],"author":[{"embeddable":true,"href":"http:\/\/staging.ibermusicas.org\/index.php\/wp-json\/wp\/v2\/users\/1"}],"replies":[{"embeddable":true,"href":"http:\/\/staging.ibermusicas.org\/index.php\/wp-json\/wp\/v2\/comments?post=11723"}],"version-history":[{"count":1,"href":"http:\/\/staging.ibermusicas.org\/index.php\/wp-json\/wp\/v2\/posts\/11723\/revisions"}],"predecessor-version":[{"id":11725,"href":"http:\/\/staging.ibermusicas.org\/index.php\/wp-json\/wp\/v2\/posts\/11723\/revisions\/11725"}],"wp:featuredmedia":[{"embeddable":true,"href":"http:\/\/staging.ibermusicas.org\/index.php\/wp-json\/wp\/v2\/media\/11724"}],"wp:attachment":[{"href":"http:\/\/staging.ibermusicas.org\/index.php\/wp-json\/wp\/v2\/media?parent=11723"}],"wp:term":[{"taxonomy":"category","embeddable":true,"href":"http:\/\/staging.ibermusicas.org\/index.php\/wp-json\/wp\/v2\/categories?post=11723"},{"taxonomy":"post_tag","embeddable":true,"href":"http:\/\/staging.ibermusicas.org\/index.php\/wp-json\/wp\/v2\/tags?post=11723"}],"curies":[{"name":"wp","href":"https:\/\/api.w.org\/{rel}","templated":true}]}}