{"id":11726,"date":"2022-05-10T17:15:22","date_gmt":"2022-05-10T17:15:22","guid":{"rendered":"http:\/\/staging.ibermusicas.org\/?p=11726"},"modified":"2022-05-10T17:15:22","modified_gmt":"2022-05-10T17:15:22","slug":"publica-se-musica-e-politicas-publicas-para-o-desenvolvimento-o-livro-que-contem-as-memorias-do-iv-coloquio-de-pesquisa-musical-de-ibermusicas","status":"publish","type":"post","link":"http:\/\/staging.ibermusicas.org\/index.php\/publica-se-musica-e-politicas-publicas-para-o-desenvolvimento-o-livro-que-contem-as-memorias-do-iv-coloquio-de-pesquisa-musical-de-ibermusicas\/","title":{"rendered":"Publica-se \u00abM\u00fasica e Pol\u00edticas P\u00fablicas para o Desenvolvimento\u00bb o livro que cont\u00e9m as Mem\u00f3rias do IV Col\u00f3quio de Pesquisa Musical de Iberm\u00fasicas\u00a0"},"content":{"rendered":"<p><span style=\"font-weight: 400;\">Acaba de ser publicado o livro que re\u00fane as mem\u00f3rias do IV Col\u00f3quio de Pesquisa Musical Iberm\u00fasicas. Trata-se de uma ferramenta que propicia o encontro e interc\u00e2mbio entre a M\u00fasica e as Pol\u00edticas P\u00fablicas para o Desenvolvimento. Assim, estas mem\u00f3rias que agora s\u00e3o publicadas \u00e0 disposi\u00e7\u00e3o do sector musical, se concentram na melhoria da qualidade de vida dos cidad\u00e3os das nossas na\u00e7\u00f5es e refletem sobre a integra\u00e7\u00e3o de grupos sociais em situa\u00e7\u00e3o de vulnerabilidade, constituindo um valioso instrumento para pensar a arte em geral e a m\u00fasica em particular como poderosos catalisadores de mudan\u00e7as sociais.<\/span><\/p>\n<p>&nbsp;<\/p>\n<p><span style=\"font-weight: 400;\">O trabalho rec\u00e9m-editado cont\u00e9m:<\/span><\/p>\n<p>&nbsp;<\/p>\n<ul>\n<li style=\"font-weight: 400;\" aria-level=\"1\"><span style=\"font-weight: 400;\">M\u00fasicas, coletivos e patrim\u00f4nios: a gest\u00e3o institucional do patrim\u00f4nio musical no Chile ap\u00f3s a assinatura da Conven\u00e7\u00e3o para a Salvaguarda do Patrim\u00f4nio Cultural Imaterial da Unesco. Agust\u00edn Fernando Ruiz Zamora &#8211; Chile<\/span><\/li>\n<li style=\"font-weight: 400;\" aria-level=\"1\"><span style=\"font-weight: 400;\">Arquivo Hist\u00f3rico Musical da Universidade da Costa Rica: basti\u00e3o do patrim\u00f4nio musical costarriquenho. Zamira Barquero Trejos &#8211; Costa Rica<\/span><\/li>\n<li style=\"font-weight: 400;\" aria-level=\"1\"><span style=\"font-weight: 400;\">\u00c0 Fonoteca Nacional: 10 anos de salvaguarda, preserva\u00e7\u00e3o, pesquisa e divulga\u00e7\u00e3o do patrim\u00f4nio sonoro do M\u00e9xico. Guillermo Theo Hernandez Villalobos &#8211; M\u00e9xico<\/span><\/li>\n<li style=\"font-weight: 400;\" aria-level=\"1\"><span style=\"font-weight: 400;\">Avan\u00e7os e desafios na circula\u00e7\u00e3o nacional e regional do patrim\u00f4nio sonoro venezuelano, a partir do desenvolvimento de pol\u00edticas p\u00fablicas: casos recentes. Jos\u00e9 \u00c1ngel Vi\u00f1a Bol\u00edvar &#8211; Venezuela<\/span><\/li>\n<li style=\"font-weight: 400;\" aria-level=\"1\"><span style=\"font-weight: 400;\">Pesquisa musical e arquivos sonoros: o caso de Cuba. Laura D. Vilar Alvarez \u2013 Cuba<\/span><\/li>\n<li style=\"font-weight: 400;\" aria-level=\"1\"><span style=\"font-weight: 400;\">A ind\u00fastria da m\u00fasica e os modelos de neg\u00f3cios digitais: desafios para a formula\u00e7\u00e3o de pol\u00edticas. Jose Antonio Alonso Labanca e Diego Traveso \u2013 Uruguai<\/span><\/li>\n<li style=\"font-weight: 400;\" aria-level=\"1\"><span style=\"font-weight: 400;\">Trabalho em arte, trabalho dom\u00e9stico e precariedade. An\u00e1lise com enfoque da economia feminista da rela\u00e7\u00e3o entre as formas de organiza\u00e7\u00e3o e produ\u00e7\u00e3o das pr\u00e1ticas art\u00edsticas e o trabalho dom\u00e9stico e de cuidado. Maria Gabriela Montalvo Armas \u2013 Equador<\/span><\/li>\n<li style=\"font-weight: 400;\" aria-level=\"1\"><span style=\"font-weight: 400;\">Pol\u00edticas culturais nos pa\u00edses andinos em rela\u00e7\u00e3o \u00e0 m\u00fasica popular: os casos do Peru e do Equador. Fernando Arturo Rios Correa \u2013 Peru<\/span><\/li>\n<li style=\"font-weight: 400;\" aria-level=\"1\"><span style=\"font-weight: 400;\">Panama Jazz Festival: do empreendedorismo cultural ao direito nacional em quinze anos. William Robert Herron Mendez \u2013 Panam\u00e1<\/span><\/li>\n<li style=\"font-weight: 400;\" aria-level=\"1\"><span style=\"font-weight: 400;\">Plano Nacional da M\u00fasica para a Conviv\u00eancia: uma pol\u00edtica diversificada para a constru\u00e7\u00e3o da cidadania na Col\u00f4mbia. Claudia Marina Mej\u00eda Garz\u00f3n \u2013 Col\u00f4mbia<\/span><\/li>\n<li style=\"font-weight: 400;\" aria-level=\"1\"><span style=\"font-weight: 400;\">M\u00fasica, educa\u00e7\u00e3o e cidadania: o papel dos projetos sociais nas pol\u00edticas p\u00fablicas de inclus\u00e3o social no Brasil. Magali Oliveira Kleber \u2013 Brasil<\/span><\/li>\n<li style=\"font-weight: 400;\" aria-level=\"1\"><span style=\"font-weight: 400;\">A promo\u00e7\u00e3o da m\u00fasica na Argentina. Esteban Ignacio Agatiello Pinero \u2013 Argentina<\/span><\/li>\n<li style=\"font-weight: 400;\" aria-level=\"1\"><span style=\"font-weight: 400;\">Sons da Terra: \u00abQuando h\u00e1 m\u00fasica, a hist\u00f3ria muda\u00bb. A educa\u00e7\u00e3o musical como ferramenta de desenvolvimento e inclus\u00e3o social. Eliodoro Fleitas Villar \u2013 Paraguai<br \/>\n<\/span><\/li>\n<\/ul>\n<pre id=\"tw-target-text\" class=\"tw-data-text tw-text-large tw-ta\" dir=\"ltr\" data-placeholder=\"Traducci\u00f3n\"><a href=\"https:\/\/ibermusicas.s3.amazonaws.com\/2020\/04\/09222853\/Memorias-de-IV-Coloquio-Ibermusicas-Lima-Peru.pdf\"><span class=\"Y2IQFc\" lang=\"pt\">BAIXAR LIVRO<\/span><\/a><\/pre>\n","protected":false},"excerpt":{"rendered":"<p>Acaba de ser publicado o livro que re\u00fane as mem\u00f3rias do IV Col\u00f3quio de Pesquisa Musical Iberm\u00fasicas. Trata-se de uma ferramenta que propicia o encontro e interc\u00e2mbio entre a M\u00fasica e as Pol\u00edticas P\u00fablicas para o Desenvolvimento. Assim, estas mem\u00f3rias que agora s\u00e3o publicadas \u00e0 disposi\u00e7\u00e3o do sector musical, se concentram na melhoria da qualidade [&hellip;]<\/p>\n","protected":false},"author":1,"featured_media":11724,"comment_status":"closed","ping_status":"closed","sticky":false,"template":"","format":"standard","meta":{"footnotes":""},"categories":[212],"tags":[],"class_list":["post-11726","post","type-post","status-publish","format-standard","has-post-thumbnail","hentry","category-investigacion-musical-pt"],"lang":"pt","translations":{"pt":11726,"es":11723},"pll_sync_post":[],"post_mailing_queue_ids":[],"_links":{"self":[{"href":"http:\/\/staging.ibermusicas.org\/index.php\/wp-json\/wp\/v2\/posts\/11726","targetHints":{"allow":["GET"]}}],"collection":[{"href":"http:\/\/staging.ibermusicas.org\/index.php\/wp-json\/wp\/v2\/posts"}],"about":[{"href":"http:\/\/staging.ibermusicas.org\/index.php\/wp-json\/wp\/v2\/types\/post"}],"author":[{"embeddable":true,"href":"http:\/\/staging.ibermusicas.org\/index.php\/wp-json\/wp\/v2\/users\/1"}],"replies":[{"embeddable":true,"href":"http:\/\/staging.ibermusicas.org\/index.php\/wp-json\/wp\/v2\/comments?post=11726"}],"version-history":[{"count":1,"href":"http:\/\/staging.ibermusicas.org\/index.php\/wp-json\/wp\/v2\/posts\/11726\/revisions"}],"predecessor-version":[{"id":11727,"href":"http:\/\/staging.ibermusicas.org\/index.php\/wp-json\/wp\/v2\/posts\/11726\/revisions\/11727"}],"wp:featuredmedia":[{"embeddable":true,"href":"http:\/\/staging.ibermusicas.org\/index.php\/wp-json\/wp\/v2\/media\/11724"}],"wp:attachment":[{"href":"http:\/\/staging.ibermusicas.org\/index.php\/wp-json\/wp\/v2\/media?parent=11726"}],"wp:term":[{"taxonomy":"category","embeddable":true,"href":"http:\/\/staging.ibermusicas.org\/index.php\/wp-json\/wp\/v2\/categories?post=11726"},{"taxonomy":"post_tag","embeddable":true,"href":"http:\/\/staging.ibermusicas.org\/index.php\/wp-json\/wp\/v2\/tags?post=11726"}],"curies":[{"name":"wp","href":"https:\/\/api.w.org\/{rel}","templated":true}]}}