{"id":11776,"date":"2022-05-16T18:22:30","date_gmt":"2022-05-16T18:22:30","guid":{"rendered":"http:\/\/staging.ibermusicas.org\/?p=11776"},"modified":"2022-06-06T17:55:54","modified_gmt":"2022-06-06T17:55:54","slug":"el-clarinetista-brasileno-ivan-sacerdote-junto-al-percusionista-uruguayo-nacho-delgado-presentan-choro-sin-fronteras","status":"publish","type":"post","link":"http:\/\/staging.ibermusicas.org\/index.php\/el-clarinetista-brasileno-ivan-sacerdote-junto-al-percusionista-uruguayo-nacho-delgado-presentan-choro-sin-fronteras\/","title":{"rendered":"El clarinetista brasile\u00f1o Iv\u00e1n Sacerdote junto al percusionista uruguayo Nacho Delgado presentan \u201cChoro sin Fronteras\u201d"},"content":{"rendered":"<p>El proyecto &#8216;Choro sin fronteras&#8217; promover\u00e1 el encuentro de los m\u00fasicos Iv\u00e1n Sacerdote (clarinete; de Salvador de Bah\u00eda, Brasil) con Nacho Delgado (pandeiro; de Montevideo, Uruguay).<\/p>\n<p>&nbsp;<\/p>\n<p>A partir de reuniones, ensayos y grabaciones, se producir\u00e1 un material importante: una lista de canciones con la funci\u00f3n \u00abplay along\u00bb (\u00abbacking track\u00bb) donde cada oyente\/participante podr\u00e1 elegir una base para acompa\u00f1ar o ser acompa\u00f1ado. Adem\u00e1s de traer un repertorio consagrado en el universo del Choro, los m\u00fasicos tambi\u00e9n interpretar\u00e1n m\u00fasica autoral del clarinetista.<\/p>\n<p>&nbsp;<\/p>\n<p>Con una renombrada trayectoria, los dos m\u00fasicos son exponentes y referencias de la m\u00fasica en sus respectivos pa\u00edses de residencia\/origen.<\/p>\n<p>&nbsp;<\/p>\n<p>Jueves 27 de mayo a las 20 hs. en el canal Youtube de @Ivan Sacerdote<\/p>\n","protected":false},"excerpt":{"rendered":"<p>El proyecto &#8216;Choro sin fronteras&#8217; promover\u00e1 el encuentro de los m\u00fasicos Iv\u00e1n Sacerdote (clarinete; de Salvador de Bah\u00eda, Brasil) con Nacho Delgado (pandeiro; de Montevideo, Uruguay). &nbsp; A partir de reuniones, ensayos y grabaciones, se producir\u00e1 un material importante: una lista de canciones con la funci\u00f3n \u00abplay along\u00bb (\u00abbacking track\u00bb) donde cada oyente\/participante podr\u00e1 elegir [&hellip;]<\/p>\n","protected":false},"author":1,"featured_media":11777,"comment_status":"closed","ping_status":"closed","sticky":false,"template":"","format":"standard","meta":{"footnotes":""},"categories":[53],"tags":[],"class_list":["post-11776","post","type-post","status-publish","format-standard","has-post-thumbnail","hentry","category-noticias-generales"],"lang":"es","translations":{"es":11776,"pt":11779},"pll_sync_post":[],"post_mailing_queue_ids":[],"_links":{"self":[{"href":"http:\/\/staging.ibermusicas.org\/index.php\/wp-json\/wp\/v2\/posts\/11776","targetHints":{"allow":["GET"]}}],"collection":[{"href":"http:\/\/staging.ibermusicas.org\/index.php\/wp-json\/wp\/v2\/posts"}],"about":[{"href":"http:\/\/staging.ibermusicas.org\/index.php\/wp-json\/wp\/v2\/types\/post"}],"author":[{"embeddable":true,"href":"http:\/\/staging.ibermusicas.org\/index.php\/wp-json\/wp\/v2\/users\/1"}],"replies":[{"embeddable":true,"href":"http:\/\/staging.ibermusicas.org\/index.php\/wp-json\/wp\/v2\/comments?post=11776"}],"version-history":[{"count":1,"href":"http:\/\/staging.ibermusicas.org\/index.php\/wp-json\/wp\/v2\/posts\/11776\/revisions"}],"predecessor-version":[{"id":11778,"href":"http:\/\/staging.ibermusicas.org\/index.php\/wp-json\/wp\/v2\/posts\/11776\/revisions\/11778"}],"wp:featuredmedia":[{"embeddable":true,"href":"http:\/\/staging.ibermusicas.org\/index.php\/wp-json\/wp\/v2\/media\/11777"}],"wp:attachment":[{"href":"http:\/\/staging.ibermusicas.org\/index.php\/wp-json\/wp\/v2\/media?parent=11776"}],"wp:term":[{"taxonomy":"category","embeddable":true,"href":"http:\/\/staging.ibermusicas.org\/index.php\/wp-json\/wp\/v2\/categories?post=11776"},{"taxonomy":"post_tag","embeddable":true,"href":"http:\/\/staging.ibermusicas.org\/index.php\/wp-json\/wp\/v2\/tags?post=11776"}],"curies":[{"name":"wp","href":"https:\/\/api.w.org\/{rel}","templated":true}]}}