{"id":11779,"date":"2022-05-16T18:23:34","date_gmt":"2022-05-16T18:23:34","guid":{"rendered":"http:\/\/staging.ibermusicas.org\/?p=11779"},"modified":"2022-06-06T17:57:51","modified_gmt":"2022-06-06T17:57:51","slug":"o-clarinetista-brasileiro-ivan-sacerdote-junto-ao-percussionista-uruguaio-nacho-delgado-apresentam-choro-sem-fronteiras","status":"publish","type":"post","link":"http:\/\/staging.ibermusicas.org\/index.php\/o-clarinetista-brasileiro-ivan-sacerdote-junto-ao-percussionista-uruguaio-nacho-delgado-apresentam-choro-sem-fronteiras\/","title":{"rendered":"O clarinetista brasileiro Ivan Sacerdote junto ao percussionista uruguaio Nacho Delgado apresentam \u201cChoro sem Fronteiras\u201d"},"content":{"rendered":"<p>O projeto \u2018Choro sem fronteiras\u2019 vai promover o encontro dos m\u00fasicos Ivan Sacerdote (clarineta; de Salvador de Bah\u00eda, Brasil) com Nacho Delgado (pandeiro; de Montevideo, Uruguai).<\/p>\n<p>&nbsp;<\/p>\n<p>A partir de reuni\u00f5es, ensaios e grava\u00e7\u00f5es, ser\u00e1 produzido um material importante: uma lista de m\u00fasicas com a fun\u00e7\u00e3o \u201cplay along\u201d (\u201cbacking track\u201d) onde cada ouvinte\/participante poder\u00e1 escolher uma base para acompanhar ou ser acompanhado. Al\u00e9m de trazer um repert\u00f3rio consagrado no universo do Choro, os m\u00fasicos tamb\u00e9m ir\u00e3o interpretar m\u00fasica autoral do clarinetista.<\/p>\n<p>&nbsp;<\/p>\n<p>Com uma renomada trajet\u00f3ria, os dois m\u00fasicos s\u00e3o expoentes e refer\u00eancias da m\u00fasica em seus respectivos pa\u00edses de resid\u00eancia\/origem.<\/p>\n<p>&nbsp;<\/p>\n<p>Quinta-feira 27 de maio \u00e0s 20 hs. no canal Youtube de @Ivan Sacerdote<\/p>\n","protected":false},"excerpt":{"rendered":"<p>O projeto \u2018Choro sem fronteiras\u2019 vai promover o encontro dos m\u00fasicos Ivan Sacerdote (clarineta; de Salvador de Bah\u00eda, Brasil) com Nacho Delgado (pandeiro; de Montevideo, Uruguai). &nbsp; A partir de reuni\u00f5es, ensaios e grava\u00e7\u00f5es, ser\u00e1 produzido um material importante: uma lista de m\u00fasicas com a fun\u00e7\u00e3o \u201cplay along\u201d (\u201cbacking track\u201d) onde cada ouvinte\/participante poder\u00e1 escolher [&hellip;]<\/p>\n","protected":false},"author":1,"featured_media":11777,"comment_status":"closed","ping_status":"closed","sticky":false,"template":"","format":"standard","meta":{"footnotes":""},"categories":[218],"tags":[],"class_list":["post-11779","post","type-post","status-publish","format-standard","has-post-thumbnail","hentry","category-noticias-generales-pt"],"lang":"pt","translations":{"pt":11779,"es":11776},"pll_sync_post":[],"post_mailing_queue_ids":[],"_links":{"self":[{"href":"http:\/\/staging.ibermusicas.org\/index.php\/wp-json\/wp\/v2\/posts\/11779","targetHints":{"allow":["GET"]}}],"collection":[{"href":"http:\/\/staging.ibermusicas.org\/index.php\/wp-json\/wp\/v2\/posts"}],"about":[{"href":"http:\/\/staging.ibermusicas.org\/index.php\/wp-json\/wp\/v2\/types\/post"}],"author":[{"embeddable":true,"href":"http:\/\/staging.ibermusicas.org\/index.php\/wp-json\/wp\/v2\/users\/1"}],"replies":[{"embeddable":true,"href":"http:\/\/staging.ibermusicas.org\/index.php\/wp-json\/wp\/v2\/comments?post=11779"}],"version-history":[{"count":1,"href":"http:\/\/staging.ibermusicas.org\/index.php\/wp-json\/wp\/v2\/posts\/11779\/revisions"}],"predecessor-version":[{"id":11780,"href":"http:\/\/staging.ibermusicas.org\/index.php\/wp-json\/wp\/v2\/posts\/11779\/revisions\/11780"}],"wp:featuredmedia":[{"embeddable":true,"href":"http:\/\/staging.ibermusicas.org\/index.php\/wp-json\/wp\/v2\/media\/11777"}],"wp:attachment":[{"href":"http:\/\/staging.ibermusicas.org\/index.php\/wp-json\/wp\/v2\/media?parent=11779"}],"wp:term":[{"taxonomy":"category","embeddable":true,"href":"http:\/\/staging.ibermusicas.org\/index.php\/wp-json\/wp\/v2\/categories?post=11779"},{"taxonomy":"post_tag","embeddable":true,"href":"http:\/\/staging.ibermusicas.org\/index.php\/wp-json\/wp\/v2\/tags?post=11779"}],"curies":[{"name":"wp","href":"https:\/\/api.w.org\/{rel}","templated":true}]}}