{"id":11782,"date":"2022-05-16T21:39:15","date_gmt":"2022-05-16T21:39:15","guid":{"rendered":"http:\/\/staging.ibermusicas.org\/?p=11782"},"modified":"2022-06-06T17:55:46","modified_gmt":"2022-06-06T17:55:46","slug":"con-un-gran-trabajo-de-recuperacion-de-choros-olvidados-llega-el-festival-lusossonia","status":"publish","type":"post","link":"http:\/\/staging.ibermusicas.org\/index.php\/con-un-gran-trabajo-de-recuperacion-de-choros-olvidados-llega-el-festival-lusossonia\/","title":{"rendered":"Con un gran trabajo de recuperaci\u00f3n de Choros olvidados llega el Festival Lusossonia"},"content":{"rendered":"<p>El concierto del Festival Lusossonia pondr\u00e1 en evidencia g\u00e9neros musicales nacidos bajo el influjo de Brasil y Portugal, tales como fados, maxixes, sambas y choros a principios del siglo XX. El repertorio contar\u00e1 con obras originalmente grabadas por las industrias fonogr\u00e1ficas brasile\u00f1as y portuguesas de este per\u00edodo, con especial destaque para artistas y g\u00e9neros musicales que cruzaron repetidas veces el Atl\u00e1ntico.<\/p>\n<p>&nbsp;<\/p>\n<p>La recreaci\u00f3n de este repertorio &#8211; que yace hoy olvidado en discos de 78 rpm en colecciones tanto en Brasil como en Portugal &#8211; ser\u00e1 realizada a trav\u00e9s de arreglos especialmente escritos para el concierto\u00a0 por m\u00fasicos del Club del Choro de Porto y que tendr\u00e1 un car\u00e1cter did\u00e1ctico, a trav\u00e9s de contextualizaciones hist\u00f3ricas sobre g\u00e9neros musicales, tales como el fado, el choro, el maxixe y el samba.<\/p>\n<p>&nbsp;<\/p>\n<p>El t\u00e9rmino \u00ablusossonia\u00bb fue creado por la etnomusic\u00f3loga Susana Sardo para designar el conjunto de pr\u00e1cticas musicales compartidas en pa\u00edses y territorios lus\u00f3fonos. El Festival Lusossonia, est\u00e1 enfocado en la recreaci\u00f3n art\u00edstica de g\u00e9neros musicales nacidos en el influjo Atl\u00e1ntico.<\/p>\n<p>&nbsp;<\/p>\n<p>El Festival prev\u00e9 la realizaci\u00f3n de un concierto en mayo de 2022 y de una mesa redonda con expertos en el tema, a realizarse en junio de 2022. El Concierto del Festival Lusossonia ser\u00e1 realizado en modelo h\u00edbrido: con la participaci\u00f3n de p\u00fablico presencial y a trav\u00e9s de transmisi\u00f3n online en simult\u00e1neo por las redes sociales.<\/p>\n<p>28 de mayo, 21:30. Concierto en streaming desde Espacio Mouco &#8211; R. de Frei Heitor Pinto 65, 4300-252 Porto, Portugal<\/p>\n<p><a href=\"https:\/\/www.youtube.com\/watch?v=gbKo3LgIiIg\">https:\/\/www.youtube.com\/watch?v=gbKo3LgIiIg<\/a><\/p>\n<p>@festivallusossonia<\/p>\n","protected":false},"excerpt":{"rendered":"<p>El concierto del Festival Lusossonia pondr\u00e1 en evidencia g\u00e9neros musicales nacidos bajo el influjo de Brasil y Portugal, tales como fados, maxixes, sambas y choros a principios del siglo XX. El repertorio contar\u00e1 con obras originalmente grabadas por las industrias fonogr\u00e1ficas brasile\u00f1as y portuguesas de este per\u00edodo, con especial destaque para artistas y g\u00e9neros musicales [&hellip;]<\/p>\n","protected":false},"author":1,"featured_media":11783,"comment_status":"closed","ping_status":"closed","sticky":false,"template":"","format":"standard","meta":{"footnotes":""},"categories":[53],"tags":[],"class_list":["post-11782","post","type-post","status-publish","format-standard","has-post-thumbnail","hentry","category-noticias-generales"],"lang":"es","translations":{"es":11782,"pt":11785},"pll_sync_post":[],"post_mailing_queue_ids":[],"_links":{"self":[{"href":"http:\/\/staging.ibermusicas.org\/index.php\/wp-json\/wp\/v2\/posts\/11782","targetHints":{"allow":["GET"]}}],"collection":[{"href":"http:\/\/staging.ibermusicas.org\/index.php\/wp-json\/wp\/v2\/posts"}],"about":[{"href":"http:\/\/staging.ibermusicas.org\/index.php\/wp-json\/wp\/v2\/types\/post"}],"author":[{"embeddable":true,"href":"http:\/\/staging.ibermusicas.org\/index.php\/wp-json\/wp\/v2\/users\/1"}],"replies":[{"embeddable":true,"href":"http:\/\/staging.ibermusicas.org\/index.php\/wp-json\/wp\/v2\/comments?post=11782"}],"version-history":[{"count":1,"href":"http:\/\/staging.ibermusicas.org\/index.php\/wp-json\/wp\/v2\/posts\/11782\/revisions"}],"predecessor-version":[{"id":11784,"href":"http:\/\/staging.ibermusicas.org\/index.php\/wp-json\/wp\/v2\/posts\/11782\/revisions\/11784"}],"wp:featuredmedia":[{"embeddable":true,"href":"http:\/\/staging.ibermusicas.org\/index.php\/wp-json\/wp\/v2\/media\/11783"}],"wp:attachment":[{"href":"http:\/\/staging.ibermusicas.org\/index.php\/wp-json\/wp\/v2\/media?parent=11782"}],"wp:term":[{"taxonomy":"category","embeddable":true,"href":"http:\/\/staging.ibermusicas.org\/index.php\/wp-json\/wp\/v2\/categories?post=11782"},{"taxonomy":"post_tag","embeddable":true,"href":"http:\/\/staging.ibermusicas.org\/index.php\/wp-json\/wp\/v2\/tags?post=11782"}],"curies":[{"name":"wp","href":"https:\/\/api.w.org\/{rel}","templated":true}]}}