{"id":11785,"date":"2022-05-16T21:40:44","date_gmt":"2022-05-16T21:40:44","guid":{"rendered":"http:\/\/staging.ibermusicas.org\/?p=11785"},"modified":"2022-06-06T17:57:44","modified_gmt":"2022-06-06T17:57:44","slug":"com-um-grande-trabalho-de-recuperacao-de-choros-esquecidos-chega-o-festival-lusossonia","status":"publish","type":"post","link":"http:\/\/staging.ibermusicas.org\/index.php\/com-um-grande-trabalho-de-recuperacao-de-choros-esquecidos-chega-o-festival-lusossonia\/","title":{"rendered":"Com um grande trabalho de recupera\u00e7\u00e3o de Choros esquecidos chega o Festival Lusossonia"},"content":{"rendered":"<p>El concierto del Festival Lusossonia pondr\u00e1 en evidencia g\u00e9neros musicales nacidos bajo el influjo de Brasil y Portugal, tales como fados, maxixes, sambas y choros a principios del siglo XX. El repertorio contar\u00e1 con obras originalmente grabadas por las industrias fonogr\u00e1ficas brasile\u00f1as y portuguesas de este per\u00edodo, con especial destaque para artistas y g\u00e9neros musicales que cruzaron repetidas veces el Atl\u00e1ntico.<\/p>\n<p>O concerto do Festival Lusossonia colocar\u00e1 em evid\u00eancia g\u00e9neros musicais nascidos no influxo entre Brasil y Portugal\u00a0 tais como fados, maxixes, sambas e choros no in\u00edcio do s\u00e9culo XX. O repert\u00f3rio contar\u00e1 com m\u00fasicas originalmente gravadas pelas ind\u00fastrias fonogr\u00e1ficas brasileiras e portuguesas deste per\u00edodo, com especial destaque para artistas e g\u00eaneros musicais que cruzaram repetidas vezes o Atl\u00e2ntico.<\/p>\n<p>A recria\u00e7\u00e3o deste repert\u00f3rio &#8211; que jaz hoje esquecido em discos de 78 rpm em acervos tanto no Brasil quanto em Portugal &#8211; ser\u00e1 realizada atrav\u00e9s de arranjos especialmente escritos para o concerto por m\u00fasicos do Clube do Choro do Porto e que ter\u00e1 um car\u00e1ter did\u00e1tico, atrav\u00e9s de contextualiza\u00e7\u00f5es hist\u00f3ricas sobre g\u00e9neros musicais, tais como o fado, o choro, o maxixe e o samba.<\/p>\n<p>O termo \u201clusossonia\u201d foi criado pela etnomusic\u00f3loga Susana Sardo para designar o conjunto de pr\u00e1ticas musicais compartilhadas em pa\u00edses e territ\u00f3rios lus\u00f3fonos. O Festival Lusossonia, est\u00e1 focado na recria\u00e7\u00e3o art\u00edstica de g\u00eaneros musicais nascidos no influxo Atl\u00e2ntico.<\/p>\n<p>O Festival prev\u00ea a realiza\u00e7\u00e3o de um concerto em maio de 2022 e de uma mesa redonda com especialistas no tema, a se realizar em junho de 2022. O Concerto do Festival Lusossonia ser\u00e1 realizado em modelo h\u00edbrido: com a participa\u00e7\u00e3o de plateia e atrav\u00e9s de transmiss\u00e3o online em simult\u00e2neo pelas redes sociais.<\/p>\n<p>28 de maio, 21:30. Concerto em streaming desde Espa\u00e7o Mouco &#8211; R. de Frei Heitor Pinto 65, 4300-252 Porto, Portugal<\/p>\n<p><a href=\"https:\/\/www.youtube.com\/watch?v=gbKo3LgIiIg\">https:\/\/www.youtube.com\/watch?v=gbKo3LgIiIg<\/a><\/p>\n<p>@festivallusossonia<\/p>\n","protected":false},"excerpt":{"rendered":"<p>El concierto del Festival Lusossonia pondr\u00e1 en evidencia g\u00e9neros musicales nacidos bajo el influjo de Brasil y Portugal, tales como fados, maxixes, sambas y choros a principios del siglo XX. El repertorio contar\u00e1 con obras originalmente grabadas por las industrias fonogr\u00e1ficas brasile\u00f1as y portuguesas de este per\u00edodo, con especial destaque para artistas y g\u00e9neros musicales [&hellip;]<\/p>\n","protected":false},"author":1,"featured_media":11783,"comment_status":"closed","ping_status":"closed","sticky":false,"template":"","format":"standard","meta":{"footnotes":""},"categories":[218],"tags":[],"class_list":["post-11785","post","type-post","status-publish","format-standard","has-post-thumbnail","hentry","category-noticias-generales-pt"],"lang":"pt","translations":{"pt":11785,"es":11782},"pll_sync_post":[],"post_mailing_queue_ids":[],"_links":{"self":[{"href":"http:\/\/staging.ibermusicas.org\/index.php\/wp-json\/wp\/v2\/posts\/11785","targetHints":{"allow":["GET"]}}],"collection":[{"href":"http:\/\/staging.ibermusicas.org\/index.php\/wp-json\/wp\/v2\/posts"}],"about":[{"href":"http:\/\/staging.ibermusicas.org\/index.php\/wp-json\/wp\/v2\/types\/post"}],"author":[{"embeddable":true,"href":"http:\/\/staging.ibermusicas.org\/index.php\/wp-json\/wp\/v2\/users\/1"}],"replies":[{"embeddable":true,"href":"http:\/\/staging.ibermusicas.org\/index.php\/wp-json\/wp\/v2\/comments?post=11785"}],"version-history":[{"count":1,"href":"http:\/\/staging.ibermusicas.org\/index.php\/wp-json\/wp\/v2\/posts\/11785\/revisions"}],"predecessor-version":[{"id":11786,"href":"http:\/\/staging.ibermusicas.org\/index.php\/wp-json\/wp\/v2\/posts\/11785\/revisions\/11786"}],"wp:featuredmedia":[{"embeddable":true,"href":"http:\/\/staging.ibermusicas.org\/index.php\/wp-json\/wp\/v2\/media\/11783"}],"wp:attachment":[{"href":"http:\/\/staging.ibermusicas.org\/index.php\/wp-json\/wp\/v2\/media?parent=11785"}],"wp:term":[{"taxonomy":"category","embeddable":true,"href":"http:\/\/staging.ibermusicas.org\/index.php\/wp-json\/wp\/v2\/categories?post=11785"},{"taxonomy":"post_tag","embeddable":true,"href":"http:\/\/staging.ibermusicas.org\/index.php\/wp-json\/wp\/v2\/tags?post=11785"}],"curies":[{"name":"wp","href":"https:\/\/api.w.org\/{rel}","templated":true}]}}