{"id":11787,"date":"2022-05-16T21:42:00","date_gmt":"2022-05-16T21:42:00","guid":{"rendered":"http:\/\/staging.ibermusicas.org\/?p=11787"},"modified":"2022-06-06T17:55:39","modified_gmt":"2022-06-06T17:55:39","slug":"el-cantautor-panameno-pierre-boutet-estrena-el-video-musical-de-su-tema-seguir","status":"publish","type":"post","link":"http:\/\/staging.ibermusicas.org\/index.php\/el-cantautor-panameno-pierre-boutet-estrena-el-video-musical-de-su-tema-seguir\/","title":{"rendered":"El cantautor paname\u00f1o Pierre Boutet estrena el video musical de su tema \u201cSeguir\u201d"},"content":{"rendered":"<p>Pierre Boutet estrena el video clip de \u201cSeguir\u201d dirigido por Daniel Isaac Gomez, producido por Ash Olivera, de Latido Producciones, y con la participaci\u00f3n de la actriz paname\u00f1a Val Monique. Es un video rico en im\u00e1genes con exteriores de su nativa Panam\u00e1, en el cual se busca resaltar y promover la impactante belleza del pa\u00eds. Fue grabado en Bayano con escenas dentro de las enigm\u00e1ticas y populares cuevas de ese lugar.<\/p>\n<p>\u201cSeguir\u201d trata sobre la b\u00fasqueda del amor como inspiraci\u00f3n a pesar de toda situaci\u00f3n adversa o pron\u00f3sticos en contra y forma parte de una nueva etapa en la carrera del m\u00fasico paname\u00f1o que busca nutrirse de diversos ritmos y vertientes de la cultura tropical latinoamericana. Los arreglos y la producci\u00f3n se encuentran bajo la mano del gran m\u00fasico costarricense, Walter Flores,\u00a0 ganador de 5 Grammy, Gaviota de Plata en Vi\u00f1a del Mar y premios Acam.<\/p>\n<p>A partir del viernes 27 de mayo en youtube y en todas las plataformas<\/p>\n<p>@pierreboutet<\/p>\n","protected":false},"excerpt":{"rendered":"<p>Pierre Boutet estrena el video clip de \u201cSeguir\u201d dirigido por Daniel Isaac Gomez, producido por Ash Olivera, de Latido Producciones, y con la participaci\u00f3n de la actriz paname\u00f1a Val Monique. Es un video rico en im\u00e1genes con exteriores de su nativa Panam\u00e1, en el cual se busca resaltar y promover la impactante belleza del pa\u00eds. [&hellip;]<\/p>\n","protected":false},"author":1,"featured_media":11788,"comment_status":"closed","ping_status":"closed","sticky":false,"template":"","format":"standard","meta":{"footnotes":""},"categories":[53],"tags":[],"class_list":["post-11787","post","type-post","status-publish","format-standard","has-post-thumbnail","hentry","category-noticias-generales"],"lang":"es","translations":{"es":11787,"pt":11790},"pll_sync_post":[],"post_mailing_queue_ids":[],"_links":{"self":[{"href":"http:\/\/staging.ibermusicas.org\/index.php\/wp-json\/wp\/v2\/posts\/11787","targetHints":{"allow":["GET"]}}],"collection":[{"href":"http:\/\/staging.ibermusicas.org\/index.php\/wp-json\/wp\/v2\/posts"}],"about":[{"href":"http:\/\/staging.ibermusicas.org\/index.php\/wp-json\/wp\/v2\/types\/post"}],"author":[{"embeddable":true,"href":"http:\/\/staging.ibermusicas.org\/index.php\/wp-json\/wp\/v2\/users\/1"}],"replies":[{"embeddable":true,"href":"http:\/\/staging.ibermusicas.org\/index.php\/wp-json\/wp\/v2\/comments?post=11787"}],"version-history":[{"count":1,"href":"http:\/\/staging.ibermusicas.org\/index.php\/wp-json\/wp\/v2\/posts\/11787\/revisions"}],"predecessor-version":[{"id":11789,"href":"http:\/\/staging.ibermusicas.org\/index.php\/wp-json\/wp\/v2\/posts\/11787\/revisions\/11789"}],"wp:featuredmedia":[{"embeddable":true,"href":"http:\/\/staging.ibermusicas.org\/index.php\/wp-json\/wp\/v2\/media\/11788"}],"wp:attachment":[{"href":"http:\/\/staging.ibermusicas.org\/index.php\/wp-json\/wp\/v2\/media?parent=11787"}],"wp:term":[{"taxonomy":"category","embeddable":true,"href":"http:\/\/staging.ibermusicas.org\/index.php\/wp-json\/wp\/v2\/categories?post=11787"},{"taxonomy":"post_tag","embeddable":true,"href":"http:\/\/staging.ibermusicas.org\/index.php\/wp-json\/wp\/v2\/tags?post=11787"}],"curies":[{"name":"wp","href":"https:\/\/api.w.org\/{rel}","templated":true}]}}