{"id":11790,"date":"2022-05-16T21:43:07","date_gmt":"2022-05-16T21:43:07","guid":{"rendered":"http:\/\/staging.ibermusicas.org\/?p=11790"},"modified":"2022-06-06T17:57:39","modified_gmt":"2022-06-06T17:57:39","slug":"o-cantor-e-compositor-panamenho-pierre-boutet-estreia-o-videoclipe-de-sua-musica-seguir","status":"publish","type":"post","link":"http:\/\/staging.ibermusicas.org\/index.php\/o-cantor-e-compositor-panamenho-pierre-boutet-estreia-o-videoclipe-de-sua-musica-seguir\/","title":{"rendered":"O cantor e compositor panamenho Pierre Boutet estreia o videoclipe de sua m\u00fasica \u201cSeguir\u201d"},"content":{"rendered":"<p>Pierre Boutet estreia o videoclipe de \u00abSeguir\u00bb, dirigido por Daniel Isaac Gomez, produzido por Ash Olivera, da Latido Producciones, e com a participa\u00e7\u00e3o da atriz panamenha Val Monique. \u00c9 um v\u00eddeo rico em imagens com exteriores de seu Panam\u00e1 natal, no qual ele busca destacar e promover a impressionante beleza do pa\u00eds. Foi gravado em Bayano com cenas dentro das enigm\u00e1ticas e populares grutas daquele lugar.<\/p>\n<p>&nbsp;<\/p>\n<p>\u00abSeguir\u00bb trata da busca do amor como inspira\u00e7\u00e3o apesar de qualquer situa\u00e7\u00e3o adversa ou previs\u00f5es contra ele e faz parte de uma nova etapa na carreira do m\u00fasico panamenho que busca se alimentar de diversos ritmos e aspectos da cultura tropical latino-americana. Os arranjos e produ\u00e7\u00e3o est\u00e3o a cargo do grande m\u00fasico costarriquenho Walter Flores, vencedor de 5 Grammys, Gaviota de Plata em Vi\u00f1a del Mar e pr\u00eamios Acam.<\/p>\n<p>&nbsp;<\/p>\n<p>&nbsp;<\/p>\n<p>A partir de sexta-feira, 27 de maio, no YouTube e em todas as plataformas<\/p>\n<p>@pierreboutet<\/p>\n","protected":false},"excerpt":{"rendered":"<p>Pierre Boutet estreia o videoclipe de \u00abSeguir\u00bb, dirigido por Daniel Isaac Gomez, produzido por Ash Olivera, da Latido Producciones, e com a participa\u00e7\u00e3o da atriz panamenha Val Monique. \u00c9 um v\u00eddeo rico em imagens com exteriores de seu Panam\u00e1 natal, no qual ele busca destacar e promover a impressionante beleza do pa\u00eds. Foi gravado em [&hellip;]<\/p>\n","protected":false},"author":1,"featured_media":11788,"comment_status":"closed","ping_status":"closed","sticky":false,"template":"","format":"standard","meta":{"footnotes":""},"categories":[218],"tags":[],"class_list":["post-11790","post","type-post","status-publish","format-standard","has-post-thumbnail","hentry","category-noticias-generales-pt"],"lang":"pt","translations":{"pt":11790,"es":11787},"pll_sync_post":[],"post_mailing_queue_ids":[],"_links":{"self":[{"href":"http:\/\/staging.ibermusicas.org\/index.php\/wp-json\/wp\/v2\/posts\/11790","targetHints":{"allow":["GET"]}}],"collection":[{"href":"http:\/\/staging.ibermusicas.org\/index.php\/wp-json\/wp\/v2\/posts"}],"about":[{"href":"http:\/\/staging.ibermusicas.org\/index.php\/wp-json\/wp\/v2\/types\/post"}],"author":[{"embeddable":true,"href":"http:\/\/staging.ibermusicas.org\/index.php\/wp-json\/wp\/v2\/users\/1"}],"replies":[{"embeddable":true,"href":"http:\/\/staging.ibermusicas.org\/index.php\/wp-json\/wp\/v2\/comments?post=11790"}],"version-history":[{"count":1,"href":"http:\/\/staging.ibermusicas.org\/index.php\/wp-json\/wp\/v2\/posts\/11790\/revisions"}],"predecessor-version":[{"id":11791,"href":"http:\/\/staging.ibermusicas.org\/index.php\/wp-json\/wp\/v2\/posts\/11790\/revisions\/11791"}],"wp:featuredmedia":[{"embeddable":true,"href":"http:\/\/staging.ibermusicas.org\/index.php\/wp-json\/wp\/v2\/media\/11788"}],"wp:attachment":[{"href":"http:\/\/staging.ibermusicas.org\/index.php\/wp-json\/wp\/v2\/media?parent=11790"}],"wp:term":[{"taxonomy":"category","embeddable":true,"href":"http:\/\/staging.ibermusicas.org\/index.php\/wp-json\/wp\/v2\/categories?post=11790"},{"taxonomy":"post_tag","embeddable":true,"href":"http:\/\/staging.ibermusicas.org\/index.php\/wp-json\/wp\/v2\/tags?post=11790"}],"curies":[{"name":"wp","href":"https:\/\/api.w.org\/{rel}","templated":true}]}}