{"id":11792,"date":"2022-05-16T21:45:45","date_gmt":"2022-05-16T21:45:45","guid":{"rendered":"http:\/\/staging.ibermusicas.org\/?p=11792"},"modified":"2022-05-16T21:45:45","modified_gmt":"2022-05-16T21:45:45","slug":"comienza-el-festival-bajo-cuerdas-con-clases-maestras-destinadas-a-chelistas-y-violonchelistas","status":"publish","type":"post","link":"http:\/\/staging.ibermusicas.org\/index.php\/comienza-el-festival-bajo-cuerdas-con-clases-maestras-destinadas-a-chelistas-y-violonchelistas\/","title":{"rendered":"Comienza el Festival Bajo Cuerdas con clases maestras destinadas a chelistas y violonchelistas"},"content":{"rendered":"<p>El Festival Bajo Cuerdas 2022 Online consiste en una serie de clases magistrales dictadas a trav\u00e9s de la plataforma Zoom para nin\u0303os, jo\u0301venes y estudiantes de violonchelo y contrabajo, especialmente a aquellos que se proyectan hacia el profesionalismo. Las clases estar\u00e1n dictadas por cinco m\u00fasicos profesionales formados en Europa: tres violonchelistas y dos contrabajistas de origen chileno y cubano.<\/p>\n<p>&nbsp;<\/p>\n<p>19 y 20 de mayo de 17:00 a 20:00 horas de Europa central \u201cMano izquierda, m\u00e1s que s\u00f3lo vibrato y afinaci\u00f3n\u201d a cargo de Daygoro Ser\u00f3n.<\/p>\n<p>Inscripciones: <a href=\"http:\/\/www.festivalbajocuerdas.com\/\">www.festivalbajocuerdas.com<\/a><\/p>\n<p>&nbsp;<\/p>\n","protected":false},"excerpt":{"rendered":"<p>El Festival Bajo Cuerdas 2022 Online consiste en una serie de clases magistrales dictadas a trav\u00e9s de la plataforma Zoom para nin\u0303os, jo\u0301venes y estudiantes de violonchelo y contrabajo, especialmente a aquellos que se proyectan hacia el profesionalismo. Las clases estar\u00e1n dictadas por cinco m\u00fasicos profesionales formados en Europa: tres violonchelistas y dos contrabajistas de [&hellip;]<\/p>\n","protected":false},"author":1,"featured_media":11793,"comment_status":"closed","ping_status":"closed","sticky":false,"template":"","format":"standard","meta":{"footnotes":""},"categories":[53],"tags":[],"class_list":["post-11792","post","type-post","status-publish","format-standard","has-post-thumbnail","hentry","category-noticias-generales"],"lang":"es","translations":{"es":11792,"pt":11795},"pll_sync_post":[],"post_mailing_queue_ids":[],"_links":{"self":[{"href":"http:\/\/staging.ibermusicas.org\/index.php\/wp-json\/wp\/v2\/posts\/11792","targetHints":{"allow":["GET"]}}],"collection":[{"href":"http:\/\/staging.ibermusicas.org\/index.php\/wp-json\/wp\/v2\/posts"}],"about":[{"href":"http:\/\/staging.ibermusicas.org\/index.php\/wp-json\/wp\/v2\/types\/post"}],"author":[{"embeddable":true,"href":"http:\/\/staging.ibermusicas.org\/index.php\/wp-json\/wp\/v2\/users\/1"}],"replies":[{"embeddable":true,"href":"http:\/\/staging.ibermusicas.org\/index.php\/wp-json\/wp\/v2\/comments?post=11792"}],"version-history":[{"count":1,"href":"http:\/\/staging.ibermusicas.org\/index.php\/wp-json\/wp\/v2\/posts\/11792\/revisions"}],"predecessor-version":[{"id":11794,"href":"http:\/\/staging.ibermusicas.org\/index.php\/wp-json\/wp\/v2\/posts\/11792\/revisions\/11794"}],"wp:featuredmedia":[{"embeddable":true,"href":"http:\/\/staging.ibermusicas.org\/index.php\/wp-json\/wp\/v2\/media\/11793"}],"wp:attachment":[{"href":"http:\/\/staging.ibermusicas.org\/index.php\/wp-json\/wp\/v2\/media?parent=11792"}],"wp:term":[{"taxonomy":"category","embeddable":true,"href":"http:\/\/staging.ibermusicas.org\/index.php\/wp-json\/wp\/v2\/categories?post=11792"},{"taxonomy":"post_tag","embeddable":true,"href":"http:\/\/staging.ibermusicas.org\/index.php\/wp-json\/wp\/v2\/tags?post=11792"}],"curies":[{"name":"wp","href":"https:\/\/api.w.org\/{rel}","templated":true}]}}