{"id":11795,"date":"2022-05-16T21:46:57","date_gmt":"2022-05-16T21:46:57","guid":{"rendered":"http:\/\/staging.ibermusicas.org\/?p=11795"},"modified":"2022-05-16T21:46:57","modified_gmt":"2022-05-16T21:46:57","slug":"o-festival-bajo-cuerdas-comeca-com-palestras-para-violoncelistas-e-violoncelistas","status":"publish","type":"post","link":"http:\/\/staging.ibermusicas.org\/index.php\/o-festival-bajo-cuerdas-comeca-com-palestras-para-violoncelistas-e-violoncelistas\/","title":{"rendered":"O Festival Bajo Cuerdas come\u00e7a com palestras para violoncelistas e violoncelistas"},"content":{"rendered":"<p>O Festival Bajo Cuerdas 2022 Online consiste em uma s\u00e9rie de aulas magistrais ministradas atrav\u00e9s da plataforma Zoom para crian\u00e7as, jovens e estudantes de violoncelo e contrabaixo, especialmente aqueles que se projetam para o profissionalismo. As aulas ser\u00e3o ministradas por cinco m\u00fasicos profissionais formados na Europa: tr\u00eas violoncelistas e dois contrabaixistas de origem chilena e cubana.<\/p>\n<p>&nbsp;<\/p>\n<p>&nbsp;<\/p>\n<p>19 e 20 de maio das 17:00 \u00e0s 20:00 horas da Europa Central \u00abM\u00e3o esquerda, mais do que apenas vibrato e afina\u00e7\u00e3o\u00bb por Daygoro Ser\u00f3n.<\/p>\n<p>Inscri\u00e7\u00f5es: www.festivalbajocuerdas.com<\/p>\n","protected":false},"excerpt":{"rendered":"<p>O Festival Bajo Cuerdas 2022 Online consiste em uma s\u00e9rie de aulas magistrais ministradas atrav\u00e9s da plataforma Zoom para crian\u00e7as, jovens e estudantes de violoncelo e contrabaixo, especialmente aqueles que se projetam para o profissionalismo. As aulas ser\u00e3o ministradas por cinco m\u00fasicos profissionais formados na Europa: tr\u00eas violoncelistas e dois contrabaixistas de origem chilena e [&hellip;]<\/p>\n","protected":false},"author":1,"featured_media":11793,"comment_status":"closed","ping_status":"closed","sticky":false,"template":"","format":"standard","meta":{"footnotes":""},"categories":[218],"tags":[],"class_list":["post-11795","post","type-post","status-publish","format-standard","has-post-thumbnail","hentry","category-noticias-generales-pt"],"lang":"pt","translations":{"pt":11795,"es":11792},"pll_sync_post":[],"post_mailing_queue_ids":[],"_links":{"self":[{"href":"http:\/\/staging.ibermusicas.org\/index.php\/wp-json\/wp\/v2\/posts\/11795","targetHints":{"allow":["GET"]}}],"collection":[{"href":"http:\/\/staging.ibermusicas.org\/index.php\/wp-json\/wp\/v2\/posts"}],"about":[{"href":"http:\/\/staging.ibermusicas.org\/index.php\/wp-json\/wp\/v2\/types\/post"}],"author":[{"embeddable":true,"href":"http:\/\/staging.ibermusicas.org\/index.php\/wp-json\/wp\/v2\/users\/1"}],"replies":[{"embeddable":true,"href":"http:\/\/staging.ibermusicas.org\/index.php\/wp-json\/wp\/v2\/comments?post=11795"}],"version-history":[{"count":1,"href":"http:\/\/staging.ibermusicas.org\/index.php\/wp-json\/wp\/v2\/posts\/11795\/revisions"}],"predecessor-version":[{"id":11796,"href":"http:\/\/staging.ibermusicas.org\/index.php\/wp-json\/wp\/v2\/posts\/11795\/revisions\/11796"}],"wp:featuredmedia":[{"embeddable":true,"href":"http:\/\/staging.ibermusicas.org\/index.php\/wp-json\/wp\/v2\/media\/11793"}],"wp:attachment":[{"href":"http:\/\/staging.ibermusicas.org\/index.php\/wp-json\/wp\/v2\/media?parent=11795"}],"wp:term":[{"taxonomy":"category","embeddable":true,"href":"http:\/\/staging.ibermusicas.org\/index.php\/wp-json\/wp\/v2\/categories?post=11795"},{"taxonomy":"post_tag","embeddable":true,"href":"http:\/\/staging.ibermusicas.org\/index.php\/wp-json\/wp\/v2\/tags?post=11795"}],"curies":[{"name":"wp","href":"https:\/\/api.w.org\/{rel}","templated":true}]}}