{"id":11797,"date":"2022-05-16T21:48:38","date_gmt":"2022-05-16T21:48:38","guid":{"rendered":"http:\/\/staging.ibermusicas.org\/?p=11797"},"modified":"2022-05-16T21:48:38","modified_gmt":"2022-05-16T21:48:38","slug":"en-la-habana-cuba-tendra-lugar-el-estreno-de-proyecto-silvio-de-eduardo-ferraudi","status":"publish","type":"post","link":"http:\/\/staging.ibermusicas.org\/index.php\/en-la-habana-cuba-tendra-lugar-el-estreno-de-proyecto-silvio-de-eduardo-ferraudi\/","title":{"rendered":"En La Habana, Cuba, tendr\u00e1 lugar el estreno de Proyecto Silvio de Eduardo Ferraudi"},"content":{"rendered":"<p>Desde Argentina, el director coral Eduardo Ferraudi viajar\u00e1 a Cuba para dirigir el estreno de \u201cProyecto Silvio\u201d, un concierto con obras del gran cancionista cubano Silvio Rodr\u00edguez en versiones corales. Las obras ser\u00e1n interpretadas por el Coro Nacional de Cuba y el estreno tendr\u00e1 lugar en la Iglesia San Francisco de Paula de La Habana con la presencia del compositor en la sala.<\/p>\n<p>&nbsp;<\/p>\n<p>27 de Mayo, 19 hs.Iglesia San Francisco de Paula, 110 Leonor P\u00e9rez, La Habana, Cuba.<\/p>\n","protected":false},"excerpt":{"rendered":"<p>Desde Argentina, el director coral Eduardo Ferraudi viajar\u00e1 a Cuba para dirigir el estreno de \u201cProyecto Silvio\u201d, un concierto con obras del gran cancionista cubano Silvio Rodr\u00edguez en versiones corales. Las obras ser\u00e1n interpretadas por el Coro Nacional de Cuba y el estreno tendr\u00e1 lugar en la Iglesia San Francisco de Paula de La Habana [&hellip;]<\/p>\n","protected":false},"author":1,"featured_media":11798,"comment_status":"closed","ping_status":"closed","sticky":false,"template":"","format":"standard","meta":{"footnotes":""},"categories":[53],"tags":[],"class_list":["post-11797","post","type-post","status-publish","format-standard","has-post-thumbnail","hentry","category-noticias-generales"],"lang":"es","translations":{"es":11797,"pt":11800},"pll_sync_post":[],"post_mailing_queue_ids":[],"_links":{"self":[{"href":"http:\/\/staging.ibermusicas.org\/index.php\/wp-json\/wp\/v2\/posts\/11797","targetHints":{"allow":["GET"]}}],"collection":[{"href":"http:\/\/staging.ibermusicas.org\/index.php\/wp-json\/wp\/v2\/posts"}],"about":[{"href":"http:\/\/staging.ibermusicas.org\/index.php\/wp-json\/wp\/v2\/types\/post"}],"author":[{"embeddable":true,"href":"http:\/\/staging.ibermusicas.org\/index.php\/wp-json\/wp\/v2\/users\/1"}],"replies":[{"embeddable":true,"href":"http:\/\/staging.ibermusicas.org\/index.php\/wp-json\/wp\/v2\/comments?post=11797"}],"version-history":[{"count":1,"href":"http:\/\/staging.ibermusicas.org\/index.php\/wp-json\/wp\/v2\/posts\/11797\/revisions"}],"predecessor-version":[{"id":11799,"href":"http:\/\/staging.ibermusicas.org\/index.php\/wp-json\/wp\/v2\/posts\/11797\/revisions\/11799"}],"wp:featuredmedia":[{"embeddable":true,"href":"http:\/\/staging.ibermusicas.org\/index.php\/wp-json\/wp\/v2\/media\/11798"}],"wp:attachment":[{"href":"http:\/\/staging.ibermusicas.org\/index.php\/wp-json\/wp\/v2\/media?parent=11797"}],"wp:term":[{"taxonomy":"category","embeddable":true,"href":"http:\/\/staging.ibermusicas.org\/index.php\/wp-json\/wp\/v2\/categories?post=11797"},{"taxonomy":"post_tag","embeddable":true,"href":"http:\/\/staging.ibermusicas.org\/index.php\/wp-json\/wp\/v2\/tags?post=11797"}],"curies":[{"name":"wp","href":"https:\/\/api.w.org\/{rel}","templated":true}]}}