{"id":11800,"date":"2022-05-16T21:49:18","date_gmt":"2022-05-16T21:49:18","guid":{"rendered":"http:\/\/staging.ibermusicas.org\/?p=11800"},"modified":"2022-05-16T21:50:08","modified_gmt":"2022-05-16T21:50:08","slug":"en-la-habana-cuba-tendra-lugar-el-estreno-de-proyecto-silvio-de-eduardo-ferraudi-2","status":"publish","type":"post","link":"http:\/\/staging.ibermusicas.org\/index.php\/en-la-habana-cuba-tendra-lugar-el-estreno-de-proyecto-silvio-de-eduardo-ferraudi-2\/","title":{"rendered":"Em Havana, Cuba, ter\u00e1 lugar a estreia do Projeto Silvio de Eduardo Ferraudi"},"content":{"rendered":"<p>Da Argentina, o diretor coral Eduardo Ferraudi viajar\u00e1 a Cuba para dirigir a estr\u00e9ia do \u00abProjeto Silvio\u00bb, um concerto com obras do grande cancionista cubano Silvio Rodr\u00edguez em vers\u00f5es corais. As obras ser\u00e3o interpretadas pelo Coro Nacional de Cuba e a estreia ter\u00e1 lugar na Igreja S\u00e3o Francisco de Paula de Havana com a presen\u00e7a do compositor na sala.<\/p>\n<p>&nbsp;<\/p>\n<p>27 de Maio, 19 hs.Iglesia San Francisco de Paula, 110 Leonor P\u00e9rez, Havana, Cuba.<\/p>\n","protected":false},"excerpt":{"rendered":"<p>Da Argentina, o diretor coral Eduardo Ferraudi viajar\u00e1 a Cuba para dirigir a estr\u00e9ia do \u00abProjeto Silvio\u00bb, um concerto com obras do grande cancionista cubano Silvio Rodr\u00edguez em vers\u00f5es corais. As obras ser\u00e3o interpretadas pelo Coro Nacional de Cuba e a estreia ter\u00e1 lugar na Igreja S\u00e3o Francisco de Paula de Havana com a presen\u00e7a [&hellip;]<\/p>\n","protected":false},"author":1,"featured_media":11798,"comment_status":"closed","ping_status":"closed","sticky":false,"template":"","format":"standard","meta":{"footnotes":""},"categories":[218],"tags":[],"class_list":["post-11800","post","type-post","status-publish","format-standard","has-post-thumbnail","hentry","category-noticias-generales-pt"],"lang":"pt","translations":{"pt":11800,"es":11797},"pll_sync_post":[],"post_mailing_queue_ids":[],"_links":{"self":[{"href":"http:\/\/staging.ibermusicas.org\/index.php\/wp-json\/wp\/v2\/posts\/11800","targetHints":{"allow":["GET"]}}],"collection":[{"href":"http:\/\/staging.ibermusicas.org\/index.php\/wp-json\/wp\/v2\/posts"}],"about":[{"href":"http:\/\/staging.ibermusicas.org\/index.php\/wp-json\/wp\/v2\/types\/post"}],"author":[{"embeddable":true,"href":"http:\/\/staging.ibermusicas.org\/index.php\/wp-json\/wp\/v2\/users\/1"}],"replies":[{"embeddable":true,"href":"http:\/\/staging.ibermusicas.org\/index.php\/wp-json\/wp\/v2\/comments?post=11800"}],"version-history":[{"count":2,"href":"http:\/\/staging.ibermusicas.org\/index.php\/wp-json\/wp\/v2\/posts\/11800\/revisions"}],"predecessor-version":[{"id":11803,"href":"http:\/\/staging.ibermusicas.org\/index.php\/wp-json\/wp\/v2\/posts\/11800\/revisions\/11803"}],"wp:featuredmedia":[{"embeddable":true,"href":"http:\/\/staging.ibermusicas.org\/index.php\/wp-json\/wp\/v2\/media\/11798"}],"wp:attachment":[{"href":"http:\/\/staging.ibermusicas.org\/index.php\/wp-json\/wp\/v2\/media?parent=11800"}],"wp:term":[{"taxonomy":"category","embeddable":true,"href":"http:\/\/staging.ibermusicas.org\/index.php\/wp-json\/wp\/v2\/categories?post=11800"},{"taxonomy":"post_tag","embeddable":true,"href":"http:\/\/staging.ibermusicas.org\/index.php\/wp-json\/wp\/v2\/tags?post=11800"}],"curies":[{"name":"wp","href":"https:\/\/api.w.org\/{rel}","templated":true}]}}