{"id":11804,"date":"2022-05-16T21:51:29","date_gmt":"2022-05-16T21:51:29","guid":{"rendered":"http:\/\/staging.ibermusicas.org\/?p=11804"},"modified":"2022-06-06T17:55:30","modified_gmt":"2022-06-06T17:55:30","slug":"la-cantante-y-compositora-argentina-gisela-magri-presenta-su-disco-despues-del-giro","status":"publish","type":"post","link":"http:\/\/staging.ibermusicas.org\/index.php\/la-cantante-y-compositora-argentina-gisela-magri-presenta-su-disco-despues-del-giro\/","title":{"rendered":"La cantante y compositora argentina Gisela Magri presenta su disco \u201cDespu\u00e9s del giro\u201d"},"content":{"rendered":"<p>La cantautora Gisela Magri celebra sus 20 a\u00f1os de carrera musical con \u201cDespu\u00e9s del giro\u201d, su tercer disco, con un repertorio que da testimonio de su recorrido art\u00edstico y su b\u00fasqueda presente con Noelia Sinkunas en piano, Milagros Caliva en bandone\u00f3n, Juan Mart\u00edn Scalerandi en guitarra, Hern\u00e1n \u00abCucuza\u00bb Castielo e invitadxs.<\/p>\n<p>&nbsp;<\/p>\n<p>El trabajo es un mapa posible de la relaci\u00f3n de Magri con el tango y es a la vez una bit\u00e1cora que incluye deseos de los caminos a recorrer.\u00a0 Con 20 a\u00f1os de carrera como m\u00fasica, siendo una de las voces fundamentales del tango del Siglo XXI, Gisela Magri se reapropia de piezas cl\u00e1sicas del g\u00e9nero, haci\u00e9ndolas converger con tangos del cancionero actual y tangos propios que miran al futuro. Gisela Magri es adem\u00e1s antrop\u00f3loga, docente, gestora y militante cultural.<\/p>\n<p>&nbsp;<\/p>\n<p>Domingo 22 de mayo, 20 hs. en Pista Urbana. Chacabuco 874, San Telmo, Buenos Aires, Argentina<\/p>\n<p>Entradas anticipadas: <a href=\"https:\/\/bit.ly\/Anticipadas-Pista-Urbana\">https:\/\/bit.ly\/Anticipadas-Pista-Urbana<\/a><\/p>\n","protected":false},"excerpt":{"rendered":"<p>La cantautora Gisela Magri celebra sus 20 a\u00f1os de carrera musical con \u201cDespu\u00e9s del giro\u201d, su tercer disco, con un repertorio que da testimonio de su recorrido art\u00edstico y su b\u00fasqueda presente con Noelia Sinkunas en piano, Milagros Caliva en bandone\u00f3n, Juan Mart\u00edn Scalerandi en guitarra, Hern\u00e1n \u00abCucuza\u00bb Castielo e invitadxs. &nbsp; El trabajo es [&hellip;]<\/p>\n","protected":false},"author":1,"featured_media":11805,"comment_status":"closed","ping_status":"closed","sticky":false,"template":"","format":"standard","meta":{"footnotes":""},"categories":[53],"tags":[],"class_list":["post-11804","post","type-post","status-publish","format-standard","has-post-thumbnail","hentry","category-noticias-generales"],"lang":"es","translations":{"es":11804,"pt":11807},"pll_sync_post":[],"post_mailing_queue_ids":[],"_links":{"self":[{"href":"http:\/\/staging.ibermusicas.org\/index.php\/wp-json\/wp\/v2\/posts\/11804","targetHints":{"allow":["GET"]}}],"collection":[{"href":"http:\/\/staging.ibermusicas.org\/index.php\/wp-json\/wp\/v2\/posts"}],"about":[{"href":"http:\/\/staging.ibermusicas.org\/index.php\/wp-json\/wp\/v2\/types\/post"}],"author":[{"embeddable":true,"href":"http:\/\/staging.ibermusicas.org\/index.php\/wp-json\/wp\/v2\/users\/1"}],"replies":[{"embeddable":true,"href":"http:\/\/staging.ibermusicas.org\/index.php\/wp-json\/wp\/v2\/comments?post=11804"}],"version-history":[{"count":1,"href":"http:\/\/staging.ibermusicas.org\/index.php\/wp-json\/wp\/v2\/posts\/11804\/revisions"}],"predecessor-version":[{"id":11806,"href":"http:\/\/staging.ibermusicas.org\/index.php\/wp-json\/wp\/v2\/posts\/11804\/revisions\/11806"}],"wp:featuredmedia":[{"embeddable":true,"href":"http:\/\/staging.ibermusicas.org\/index.php\/wp-json\/wp\/v2\/media\/11805"}],"wp:attachment":[{"href":"http:\/\/staging.ibermusicas.org\/index.php\/wp-json\/wp\/v2\/media?parent=11804"}],"wp:term":[{"taxonomy":"category","embeddable":true,"href":"http:\/\/staging.ibermusicas.org\/index.php\/wp-json\/wp\/v2\/categories?post=11804"},{"taxonomy":"post_tag","embeddable":true,"href":"http:\/\/staging.ibermusicas.org\/index.php\/wp-json\/wp\/v2\/tags?post=11804"}],"curies":[{"name":"wp","href":"https:\/\/api.w.org\/{rel}","templated":true}]}}