{"id":11807,"date":"2022-05-16T21:52:48","date_gmt":"2022-05-16T21:52:48","guid":{"rendered":"http:\/\/staging.ibermusicas.org\/?p=11807"},"modified":"2022-06-06T17:57:31","modified_gmt":"2022-06-06T17:57:31","slug":"a-cantora-e-compositora-argentina-gisela-magri-apresenta-seu-disco-depois-do-giro","status":"publish","type":"post","link":"http:\/\/staging.ibermusicas.org\/index.php\/a-cantora-e-compositora-argentina-gisela-magri-apresenta-seu-disco-depois-do-giro\/","title":{"rendered":"A cantora e compositora argentina Gisela Magri apresenta seu disco \u00abDepois do giro\u00bb"},"content":{"rendered":"<p>A cantora Gisela Magri celebra seus 20 anos de carreira musical com \u00abAp\u00f3s do Giro\u00bb, seu terceiro disco, com um repert\u00f3rio que d\u00e1 testemunho de seu percurso art\u00edstico e sua busca presente com Noelia Sinkunas em piano, Milagros Caliva em band\u00f4nio, Juan Mart\u00edn Scalerandi en guitarra, Hern\u00e1n \u00abCucuza\u00bb Castielo e invitadxs.<\/p>\n<p>&nbsp;<\/p>\n<p>O trabalho \u00e9 um mapa poss\u00edvel da rela\u00e7\u00e3o de Magri com o tango e \u00e9 ao mesmo tempo um di\u00e1rio que inclui desejos dos caminhos a percorrer. Com 20 anos de carreira como musicista, sendo uma das vozes fundamentais do tango no s\u00e9culo XXI, Gisela Magri reapropria pe\u00e7as cl\u00e1ssicas do g\u00eanero, fazendo-as convergir com tangos do cancioneiro atual e seus pr\u00f3prios tangos que olham para o futuro . Gisela Magri tamb\u00e9m \u00e9 antrop\u00f3loga, professora, gestora e ativista cultural.<\/p>\n<p>&nbsp;<\/p>\n<p>Domingo, 22 de maio, \u00e0s 20h. na Pista Urbana. Chacabuco 874, San Telmo, Buenos Aires, Argentina<\/p>\n<p>Ingressos antecipados: <a href=\"https:\/\/bit.ly\/Anticipadas-Pista-Urbana\">https:\/\/bit.ly\/Anticipadas-Pista-Urbana<\/a><\/p>\n","protected":false},"excerpt":{"rendered":"<p>A cantora Gisela Magri celebra seus 20 anos de carreira musical com \u00abAp\u00f3s do Giro\u00bb, seu terceiro disco, com um repert\u00f3rio que d\u00e1 testemunho de seu percurso art\u00edstico e sua busca presente com Noelia Sinkunas em piano, Milagros Caliva em band\u00f4nio, Juan Mart\u00edn Scalerandi en guitarra, Hern\u00e1n \u00abCucuza\u00bb Castielo e invitadxs. &nbsp; O trabalho \u00e9 [&hellip;]<\/p>\n","protected":false},"author":1,"featured_media":11805,"comment_status":"closed","ping_status":"closed","sticky":false,"template":"","format":"standard","meta":{"footnotes":""},"categories":[218],"tags":[],"class_list":["post-11807","post","type-post","status-publish","format-standard","has-post-thumbnail","hentry","category-noticias-generales-pt"],"lang":"pt","translations":{"pt":11807,"es":11804},"pll_sync_post":[],"post_mailing_queue_ids":[],"_links":{"self":[{"href":"http:\/\/staging.ibermusicas.org\/index.php\/wp-json\/wp\/v2\/posts\/11807","targetHints":{"allow":["GET"]}}],"collection":[{"href":"http:\/\/staging.ibermusicas.org\/index.php\/wp-json\/wp\/v2\/posts"}],"about":[{"href":"http:\/\/staging.ibermusicas.org\/index.php\/wp-json\/wp\/v2\/types\/post"}],"author":[{"embeddable":true,"href":"http:\/\/staging.ibermusicas.org\/index.php\/wp-json\/wp\/v2\/users\/1"}],"replies":[{"embeddable":true,"href":"http:\/\/staging.ibermusicas.org\/index.php\/wp-json\/wp\/v2\/comments?post=11807"}],"version-history":[{"count":1,"href":"http:\/\/staging.ibermusicas.org\/index.php\/wp-json\/wp\/v2\/posts\/11807\/revisions"}],"predecessor-version":[{"id":11808,"href":"http:\/\/staging.ibermusicas.org\/index.php\/wp-json\/wp\/v2\/posts\/11807\/revisions\/11808"}],"wp:featuredmedia":[{"embeddable":true,"href":"http:\/\/staging.ibermusicas.org\/index.php\/wp-json\/wp\/v2\/media\/11805"}],"wp:attachment":[{"href":"http:\/\/staging.ibermusicas.org\/index.php\/wp-json\/wp\/v2\/media?parent=11807"}],"wp:term":[{"taxonomy":"category","embeddable":true,"href":"http:\/\/staging.ibermusicas.org\/index.php\/wp-json\/wp\/v2\/categories?post=11807"},{"taxonomy":"post_tag","embeddable":true,"href":"http:\/\/staging.ibermusicas.org\/index.php\/wp-json\/wp\/v2\/tags?post=11807"}],"curies":[{"name":"wp","href":"https:\/\/api.w.org\/{rel}","templated":true}]}}