{"id":11809,"date":"2022-05-16T21:54:16","date_gmt":"2022-05-16T21:54:16","guid":{"rendered":"http:\/\/staging.ibermusicas.org\/?p=11809"},"modified":"2022-06-06T17:55:23","modified_gmt":"2022-06-06T17:55:23","slug":"la-cantante-uruguaya-sandra-costabel-presenta-en-argentina-tomar-conciencia-mirando-la-realidad-a-traves-de-la-musica","status":"publish","type":"post","link":"http:\/\/staging.ibermusicas.org\/index.php\/la-cantante-uruguaya-sandra-costabel-presenta-en-argentina-tomar-conciencia-mirando-la-realidad-a-traves-de-la-musica\/","title":{"rendered":"La cantante uruguaya Sandra Costabel presenta en Argentina \u201cTomar Conciencia &#8211; Mirando la realidad a trav\u00e9s de la m\u00fasica\u201d"},"content":{"rendered":"<p>Desde Uruguay, llega a Villa Mar\u00eda, C\u00f3rdoba, Argentina, la artista Sandra Costabel para comprometer su voz en una tem\u00e1tica tan sensible como importante.\u00a0 Su espect\u00e1culo \u00abTomar Conciencia\u00bb nos invita a realizar un recorrido por el cancionero popular para descubrir historias tan impactantes como cotidianas. La trata, la explotaci\u00f3n sexual, la pobreza y la esperanza. Estar\u00e1 acompa\u00f1ada por m\u00fasicos villamarienses y el elenco de teatro para la incidencia de Comunidad y Cambio. Como artistas invitadas, actuar\u00e1 \u00a0\u00abLa Cantarola\u00bb<\/p>\n<p>30 de mayo,\u00a0 20:30 hs. en Biblioteca Municipal Mariano Moreno, Villa Mar\u00eda, C\u00f3rdoba, Argentina<\/p>\n","protected":false},"excerpt":{"rendered":"<p>Desde Uruguay, llega a Villa Mar\u00eda, C\u00f3rdoba, Argentina, la artista Sandra Costabel para comprometer su voz en una tem\u00e1tica tan sensible como importante.\u00a0 Su espect\u00e1culo \u00abTomar Conciencia\u00bb nos invita a realizar un recorrido por el cancionero popular para descubrir historias tan impactantes como cotidianas. La trata, la explotaci\u00f3n sexual, la pobreza y la esperanza. Estar\u00e1 [&hellip;]<\/p>\n","protected":false},"author":1,"featured_media":11810,"comment_status":"closed","ping_status":"closed","sticky":false,"template":"","format":"standard","meta":{"footnotes":""},"categories":[53],"tags":[],"class_list":["post-11809","post","type-post","status-publish","format-standard","has-post-thumbnail","hentry","category-noticias-generales"],"lang":"es","translations":{"es":11809,"pt":11812},"pll_sync_post":[],"post_mailing_queue_ids":[],"_links":{"self":[{"href":"http:\/\/staging.ibermusicas.org\/index.php\/wp-json\/wp\/v2\/posts\/11809","targetHints":{"allow":["GET"]}}],"collection":[{"href":"http:\/\/staging.ibermusicas.org\/index.php\/wp-json\/wp\/v2\/posts"}],"about":[{"href":"http:\/\/staging.ibermusicas.org\/index.php\/wp-json\/wp\/v2\/types\/post"}],"author":[{"embeddable":true,"href":"http:\/\/staging.ibermusicas.org\/index.php\/wp-json\/wp\/v2\/users\/1"}],"replies":[{"embeddable":true,"href":"http:\/\/staging.ibermusicas.org\/index.php\/wp-json\/wp\/v2\/comments?post=11809"}],"version-history":[{"count":1,"href":"http:\/\/staging.ibermusicas.org\/index.php\/wp-json\/wp\/v2\/posts\/11809\/revisions"}],"predecessor-version":[{"id":11811,"href":"http:\/\/staging.ibermusicas.org\/index.php\/wp-json\/wp\/v2\/posts\/11809\/revisions\/11811"}],"wp:featuredmedia":[{"embeddable":true,"href":"http:\/\/staging.ibermusicas.org\/index.php\/wp-json\/wp\/v2\/media\/11810"}],"wp:attachment":[{"href":"http:\/\/staging.ibermusicas.org\/index.php\/wp-json\/wp\/v2\/media?parent=11809"}],"wp:term":[{"taxonomy":"category","embeddable":true,"href":"http:\/\/staging.ibermusicas.org\/index.php\/wp-json\/wp\/v2\/categories?post=11809"},{"taxonomy":"post_tag","embeddable":true,"href":"http:\/\/staging.ibermusicas.org\/index.php\/wp-json\/wp\/v2\/tags?post=11809"}],"curies":[{"name":"wp","href":"https:\/\/api.w.org\/{rel}","templated":true}]}}