{"id":11812,"date":"2022-05-16T21:55:32","date_gmt":"2022-05-16T21:55:32","guid":{"rendered":"http:\/\/staging.ibermusicas.org\/?p=11812"},"modified":"2022-06-06T17:57:25","modified_gmt":"2022-06-06T17:57:25","slug":"a-cantora-uruguaia-sandra-costabel-apresenta-na-argentina-conscientizando-se-olhando-a-realidade-atraves-da-musica","status":"publish","type":"post","link":"http:\/\/staging.ibermusicas.org\/index.php\/a-cantora-uruguaia-sandra-costabel-apresenta-na-argentina-conscientizando-se-olhando-a-realidade-atraves-da-musica\/","title":{"rendered":"A cantora uruguaia Sandra Costabel apresenta na Argentina \u00abConscientizando-se &#8211; Olhando a realidade atrav\u00e9s da m\u00fasica\u00bb"},"content":{"rendered":"<p>Do Uruguai, chega a Villa Mar\u00eda, C\u00f3rdoba, Argentina, a artista Sandra Costabel para engajar sua voz em um assunto t\u00e3o sens\u00edvel quanto importante. Seu show \u00abConscientizando-se\u00bb nos convida a fazer um tour pelo cancioneiro popular para descobrir hist\u00f3rias t\u00e3o chocantes quanto cotidianas. Tr\u00e1fico, explora\u00e7\u00e3o sexual, pobreza e esperan\u00e7a. Ela ser\u00e1 acompanhada por m\u00fasicos Villamarienses e pelo elenco do teatro para a incid\u00eancia de Comunidade e Mudan\u00e7a. Como artistas convidados se apresentar\u00e1 \u00abLa Cantarola\u00bb<\/p>\n<p>30 de maio, 20h30 Biblioteca Municipal Mariano Moreno, Villa Maria, C\u00f3rdoba, Argentina<\/p>\n","protected":false},"excerpt":{"rendered":"<p>Do Uruguai, chega a Villa Mar\u00eda, C\u00f3rdoba, Argentina, a artista Sandra Costabel para engajar sua voz em um assunto t\u00e3o sens\u00edvel quanto importante. Seu show \u00abConscientizando-se\u00bb nos convida a fazer um tour pelo cancioneiro popular para descobrir hist\u00f3rias t\u00e3o chocantes quanto cotidianas. Tr\u00e1fico, explora\u00e7\u00e3o sexual, pobreza e esperan\u00e7a. Ela ser\u00e1 acompanhada por m\u00fasicos Villamarienses e [&hellip;]<\/p>\n","protected":false},"author":1,"featured_media":11810,"comment_status":"closed","ping_status":"closed","sticky":false,"template":"","format":"standard","meta":{"footnotes":""},"categories":[218],"tags":[],"class_list":["post-11812","post","type-post","status-publish","format-standard","has-post-thumbnail","hentry","category-noticias-generales-pt"],"lang":"pt","translations":{"pt":11812,"es":11809},"pll_sync_post":[],"post_mailing_queue_ids":[],"_links":{"self":[{"href":"http:\/\/staging.ibermusicas.org\/index.php\/wp-json\/wp\/v2\/posts\/11812","targetHints":{"allow":["GET"]}}],"collection":[{"href":"http:\/\/staging.ibermusicas.org\/index.php\/wp-json\/wp\/v2\/posts"}],"about":[{"href":"http:\/\/staging.ibermusicas.org\/index.php\/wp-json\/wp\/v2\/types\/post"}],"author":[{"embeddable":true,"href":"http:\/\/staging.ibermusicas.org\/index.php\/wp-json\/wp\/v2\/users\/1"}],"replies":[{"embeddable":true,"href":"http:\/\/staging.ibermusicas.org\/index.php\/wp-json\/wp\/v2\/comments?post=11812"}],"version-history":[{"count":1,"href":"http:\/\/staging.ibermusicas.org\/index.php\/wp-json\/wp\/v2\/posts\/11812\/revisions"}],"predecessor-version":[{"id":11813,"href":"http:\/\/staging.ibermusicas.org\/index.php\/wp-json\/wp\/v2\/posts\/11812\/revisions\/11813"}],"wp:featuredmedia":[{"embeddable":true,"href":"http:\/\/staging.ibermusicas.org\/index.php\/wp-json\/wp\/v2\/media\/11810"}],"wp:attachment":[{"href":"http:\/\/staging.ibermusicas.org\/index.php\/wp-json\/wp\/v2\/media?parent=11812"}],"wp:term":[{"taxonomy":"category","embeddable":true,"href":"http:\/\/staging.ibermusicas.org\/index.php\/wp-json\/wp\/v2\/categories?post=11812"},{"taxonomy":"post_tag","embeddable":true,"href":"http:\/\/staging.ibermusicas.org\/index.php\/wp-json\/wp\/v2\/tags?post=11812"}],"curies":[{"name":"wp","href":"https:\/\/api.w.org\/{rel}","templated":true}]}}