{"id":11822,"date":"2022-05-16T22:01:22","date_gmt":"2022-05-16T22:01:22","guid":{"rendered":"http:\/\/staging.ibermusicas.org\/?p=11822"},"modified":"2022-05-16T22:01:22","modified_gmt":"2022-05-16T22:01:22","slug":"chega-a-4a-edicao-do-festival-de-acordeao-de-cordoba-argentina","status":"publish","type":"post","link":"http:\/\/staging.ibermusicas.org\/index.php\/chega-a-4a-edicao-do-festival-de-acordeao-de-cordoba-argentina\/","title":{"rendered":"Chega a 4\u00aa edi\u00e7\u00e3o do Festival de Acorde\u00e3o de C\u00f3rdoba, Argentina"},"content":{"rendered":"<p>A 4\u00aa edi\u00e7\u00e3o do Festival Internacional de Acorde\u00e3o de C\u00f3rdoba, Argentina, ser\u00e1 realizada nos dias 20 e 21 de maio, onde voc\u00ea poder\u00e1 assistir e participar de palestras, workshops e shows virtualmente.<\/p>\n<p>&nbsp;<\/p>\n<p>Os concertos ser\u00e3o interpretados por Pedro Saad, Acordeons, Orquestra C\u00e9sar Pav\u00f3n, Escola Nazareno Anconetani, Juan Sans, Silvio Previale + Ensemble Centro Cultural Academias Previal, -Ensemble La Higuera Accordion School e Edu Guimaraes<\/p>\n<p>&nbsp;<\/p>\n<p>O workshop aberto em formato de encontro virtual sobre \u00abInterpreta\u00e7\u00e3o e arranjos de m\u00fasica popular para acorde\u00e3o\u00bb ser\u00e1 conduzido por Juan Sans.<\/p>\n<p>&nbsp;<\/p>\n<p>Link de transmiss\u00e3o do concerto: <a href=\"https:\/\/www.youtube.com\/channel\/UCQKjEdZpkfLjYw0BZm4mYBg\">https:\/\/www.youtube.com\/channel\/UCQKjEdZpkfLjYw0BZm4mYBg<\/a><\/p>\n<p>Link para palestra Encontro Virtual 20\/05: <a href=\"https:\/\/us04web.zoom.us\/j\/71552693598?pwd=7qPAjaueAC6qqmvuwUkTvHGyq2vWjW.1\">https:\/\/us04web.zoom.us\/j\/71552693598?pwd=7qPAjaueAC6qqmvuwUkTvHGyq2vWjW.1<\/a><\/p>\n<p>Link para o Workshop Virtual 21\/05: <a href=\"https:\/\/us04web.zoom.us\/j\/73718801754?pwd=gPg0Ul7tiEw1oRoPa5KybXr1R4plxS.1\">https:\/\/us04web.zoom.us\/j\/73718801754?pwd=gPg0Ul7tiEw1oRoPa5KybXr1R4plxS.1<\/a><\/p>\n","protected":false},"excerpt":{"rendered":"<p>A 4\u00aa edi\u00e7\u00e3o do Festival Internacional de Acorde\u00e3o de C\u00f3rdoba, Argentina, ser\u00e1 realizada nos dias 20 e 21 de maio, onde voc\u00ea poder\u00e1 assistir e participar de palestras, workshops e shows virtualmente. &nbsp; Os concertos ser\u00e3o interpretados por Pedro Saad, Acordeons, Orquestra C\u00e9sar Pav\u00f3n, Escola Nazareno Anconetani, Juan Sans, Silvio Previale + Ensemble Centro Cultural [&hellip;]<\/p>\n","protected":false},"author":1,"featured_media":11820,"comment_status":"closed","ping_status":"closed","sticky":false,"template":"","format":"standard","meta":{"footnotes":""},"categories":[218],"tags":[],"class_list":["post-11822","post","type-post","status-publish","format-standard","has-post-thumbnail","hentry","category-noticias-generales-pt"],"lang":"pt","translations":{"pt":11822,"es":11819},"pll_sync_post":[],"post_mailing_queue_ids":[],"_links":{"self":[{"href":"http:\/\/staging.ibermusicas.org\/index.php\/wp-json\/wp\/v2\/posts\/11822","targetHints":{"allow":["GET"]}}],"collection":[{"href":"http:\/\/staging.ibermusicas.org\/index.php\/wp-json\/wp\/v2\/posts"}],"about":[{"href":"http:\/\/staging.ibermusicas.org\/index.php\/wp-json\/wp\/v2\/types\/post"}],"author":[{"embeddable":true,"href":"http:\/\/staging.ibermusicas.org\/index.php\/wp-json\/wp\/v2\/users\/1"}],"replies":[{"embeddable":true,"href":"http:\/\/staging.ibermusicas.org\/index.php\/wp-json\/wp\/v2\/comments?post=11822"}],"version-history":[{"count":1,"href":"http:\/\/staging.ibermusicas.org\/index.php\/wp-json\/wp\/v2\/posts\/11822\/revisions"}],"predecessor-version":[{"id":11823,"href":"http:\/\/staging.ibermusicas.org\/index.php\/wp-json\/wp\/v2\/posts\/11822\/revisions\/11823"}],"wp:featuredmedia":[{"embeddable":true,"href":"http:\/\/staging.ibermusicas.org\/index.php\/wp-json\/wp\/v2\/media\/11820"}],"wp:attachment":[{"href":"http:\/\/staging.ibermusicas.org\/index.php\/wp-json\/wp\/v2\/media?parent=11822"}],"wp:term":[{"taxonomy":"category","embeddable":true,"href":"http:\/\/staging.ibermusicas.org\/index.php\/wp-json\/wp\/v2\/categories?post=11822"},{"taxonomy":"post_tag","embeddable":true,"href":"http:\/\/staging.ibermusicas.org\/index.php\/wp-json\/wp\/v2\/tags?post=11822"}],"curies":[{"name":"wp","href":"https:\/\/api.w.org\/{rel}","templated":true}]}}