{"id":11824,"date":"2022-05-16T22:03:00","date_gmt":"2022-05-16T22:03:00","guid":{"rendered":"http:\/\/staging.ibermusicas.org\/?p=11824"},"modified":"2022-06-06T17:55:16","modified_gmt":"2022-06-06T17:55:16","slug":"ya-se-encuentran-disponibles-los-videos-de-los-tres-talleres-de-la-red-cumbiera","status":"publish","type":"post","link":"http:\/\/staging.ibermusicas.org\/index.php\/ya-se-encuentran-disponibles-los-videos-de-los-tres-talleres-de-la-red-cumbiera\/","title":{"rendered":"Ya se encuentran disponibles los videos de los tres talleres de La Red Cumbiera"},"content":{"rendered":"<p>La red cumbiera es un puente que re\u00fane m\u00fasicos de Colombia, Chile y Argentina para intercambiar experiencias e informaci\u00f3n en torno a la escena cumbiera contempor\u00e1nea que se vive en cada pa\u00eds. La red aborda el fen\u00f3meno de la cumbia en los tres pa\u00edses, por medio de encuentros y talleres virtuales, generando contenido con invitadas e invitados especiales: m\u00fasicas, m\u00fasicos y agentes culturales que ampl\u00edan el\u00a0 panorama de la escena cumbiera.<\/p>\n<p>&nbsp;<\/p>\n<p>Por medio de la Red Cumbiera conoceremos sobre la escena musical actual de cada pa\u00eds participante, acerc\u00e1ndonos de primera mano a proyectos independientes y vivenciando la perspectiva que cada uno de los artistas de la regi\u00f3n tiene en torno a la escena musical cumbiera en su territorio.<\/p>\n<p>&nbsp;<\/p>\n<p>\u00abMatrices r\u00edtmicas de la cumbia tradicional colombiana\u00bb: https:\/\/youtu.be\/4P28ugqogGk<\/p>\n<p>&nbsp;<\/p>\n<p>\u00abArreglos y orquestaci\u00f3n de los diversos estilos cumbieros que se han gestado en latinoamerica\u00bb:\u00a0 https:\/\/youtu.be\/lReQQgH8u_M<\/p>\n<p>&nbsp;<\/p>\n<p>\u00abLos instrumentos de viento en la Cumbia, modos de interpretaci\u00f3n e improvisaci\u00f3n en el g\u00e9nero\u00bb. <a href=\"https:\/\/youtu.be\/LLNRlBUfnm4\">https:\/\/youtu.be\/LLNRlBUfnm4<\/a><\/p>\n","protected":false},"excerpt":{"rendered":"<p>La red cumbiera es un puente que re\u00fane m\u00fasicos de Colombia, Chile y Argentina para intercambiar experiencias e informaci\u00f3n en torno a la escena cumbiera contempor\u00e1nea que se vive en cada pa\u00eds. La red aborda el fen\u00f3meno de la cumbia en los tres pa\u00edses, por medio de encuentros y talleres virtuales, generando contenido con invitadas [&hellip;]<\/p>\n","protected":false},"author":1,"featured_media":11825,"comment_status":"closed","ping_status":"closed","sticky":false,"template":"","format":"standard","meta":{"footnotes":""},"categories":[53],"tags":[],"class_list":["post-11824","post","type-post","status-publish","format-standard","has-post-thumbnail","hentry","category-noticias-generales"],"lang":"es","translations":{"es":11824,"pt":11827},"pll_sync_post":[],"post_mailing_queue_ids":[],"_links":{"self":[{"href":"http:\/\/staging.ibermusicas.org\/index.php\/wp-json\/wp\/v2\/posts\/11824","targetHints":{"allow":["GET"]}}],"collection":[{"href":"http:\/\/staging.ibermusicas.org\/index.php\/wp-json\/wp\/v2\/posts"}],"about":[{"href":"http:\/\/staging.ibermusicas.org\/index.php\/wp-json\/wp\/v2\/types\/post"}],"author":[{"embeddable":true,"href":"http:\/\/staging.ibermusicas.org\/index.php\/wp-json\/wp\/v2\/users\/1"}],"replies":[{"embeddable":true,"href":"http:\/\/staging.ibermusicas.org\/index.php\/wp-json\/wp\/v2\/comments?post=11824"}],"version-history":[{"count":1,"href":"http:\/\/staging.ibermusicas.org\/index.php\/wp-json\/wp\/v2\/posts\/11824\/revisions"}],"predecessor-version":[{"id":11826,"href":"http:\/\/staging.ibermusicas.org\/index.php\/wp-json\/wp\/v2\/posts\/11824\/revisions\/11826"}],"wp:featuredmedia":[{"embeddable":true,"href":"http:\/\/staging.ibermusicas.org\/index.php\/wp-json\/wp\/v2\/media\/11825"}],"wp:attachment":[{"href":"http:\/\/staging.ibermusicas.org\/index.php\/wp-json\/wp\/v2\/media?parent=11824"}],"wp:term":[{"taxonomy":"category","embeddable":true,"href":"http:\/\/staging.ibermusicas.org\/index.php\/wp-json\/wp\/v2\/categories?post=11824"},{"taxonomy":"post_tag","embeddable":true,"href":"http:\/\/staging.ibermusicas.org\/index.php\/wp-json\/wp\/v2\/tags?post=11824"}],"curies":[{"name":"wp","href":"https:\/\/api.w.org\/{rel}","templated":true}]}}