{"id":11827,"date":"2022-05-16T22:06:03","date_gmt":"2022-05-16T22:06:03","guid":{"rendered":"http:\/\/staging.ibermusicas.org\/?p=11827"},"modified":"2022-06-06T17:57:19","modified_gmt":"2022-06-06T17:57:19","slug":"ja-se-encontram-disponiveis-os-videos-das-tres-oficinas-da-rede-cumbiera","status":"publish","type":"post","link":"http:\/\/staging.ibermusicas.org\/index.php\/ja-se-encontram-disponiveis-os-videos-das-tres-oficinas-da-rede-cumbiera\/","title":{"rendered":"J\u00e1 se encontram dispon\u00edveis os v\u00eddeos das tr\u00eas oficinas da Rede Cumbiera"},"content":{"rendered":"<p>A rede cumbiera \u00e9 uma ponte que re\u00fane m\u00fasicos da Col\u00f4mbia, Chile e Argentina para trocar experi\u00eancias e informa\u00e7\u00f5es em torno da cena da cumbia contempor\u00e2nea que se vive em cada pa\u00eds. A rede aborda o fen\u00f4meno da cumbia nos tr\u00eas pa\u00edses, por meio de encontros e oficinas virtuais, gerando conte\u00fado com convidadas e convidados especiais: m\u00fasicas, m\u00fasicos e agentes culturais que ampliam o panorama da cena cumbiera.<\/p>\n<p>&nbsp;<\/p>\n<p>Atrav\u00e9s da Rede Cumbiera conheceremos a cena musical atual de cada pa\u00eds participante, aproximando-nos de primeira m\u00e3o aos projetos independentes e vivenciando a perspectiva que cada um dos artistas da regi\u00e3o tem em torno da cena musical em seu territ\u00f3rio.<\/p>\n<p>&nbsp;<\/p>\n<p>&nbsp;<\/p>\n<p>\u00abMatrizes r\u00edtmicas da cumbia tradicional colombiana\u00bb: <a href=\"https:\/\/youtu.be\/4P28ugqogGk\">Youtube<\/a><\/p>\n<p>&nbsp;<\/p>\n<p>\u00abArranjos e orquestra\u00e7\u00e3o dos diversos estilos cumbieros que se gestaram na Am\u00e9rica Latina\u00bb:\u00a0 <a href=\"https:\/\/youtu.be\/lReQgH8u_M\">Youtube<\/a><\/p>\n<p>&nbsp;<\/p>\n<p>\u00abOs instrumentos de sopro na Cumbia, modos de interpreta\u00e7\u00e3o e improvisa\u00e7\u00e3o no g\u00eanero\u00bb. <a href=\"https:\/\/youtu.be\/LLNRlBUfnm4\">https:\/\/youtu.be\/LLNRlBUfnm4<\/a><\/p>\n","protected":false},"excerpt":{"rendered":"<p>A rede cumbiera \u00e9 uma ponte que re\u00fane m\u00fasicos da Col\u00f4mbia, Chile e Argentina para trocar experi\u00eancias e informa\u00e7\u00f5es em torno da cena da cumbia contempor\u00e2nea que se vive em cada pa\u00eds. A rede aborda o fen\u00f4meno da cumbia nos tr\u00eas pa\u00edses, por meio de encontros e oficinas virtuais, gerando conte\u00fado com convidadas e convidados [&hellip;]<\/p>\n","protected":false},"author":1,"featured_media":11825,"comment_status":"closed","ping_status":"closed","sticky":false,"template":"","format":"standard","meta":{"footnotes":""},"categories":[218],"tags":[],"class_list":["post-11827","post","type-post","status-publish","format-standard","has-post-thumbnail","hentry","category-noticias-generales-pt"],"lang":"pt","translations":{"pt":11827,"es":11824},"pll_sync_post":[],"post_mailing_queue_ids":[],"_links":{"self":[{"href":"http:\/\/staging.ibermusicas.org\/index.php\/wp-json\/wp\/v2\/posts\/11827","targetHints":{"allow":["GET"]}}],"collection":[{"href":"http:\/\/staging.ibermusicas.org\/index.php\/wp-json\/wp\/v2\/posts"}],"about":[{"href":"http:\/\/staging.ibermusicas.org\/index.php\/wp-json\/wp\/v2\/types\/post"}],"author":[{"embeddable":true,"href":"http:\/\/staging.ibermusicas.org\/index.php\/wp-json\/wp\/v2\/users\/1"}],"replies":[{"embeddable":true,"href":"http:\/\/staging.ibermusicas.org\/index.php\/wp-json\/wp\/v2\/comments?post=11827"}],"version-history":[{"count":1,"href":"http:\/\/staging.ibermusicas.org\/index.php\/wp-json\/wp\/v2\/posts\/11827\/revisions"}],"predecessor-version":[{"id":11828,"href":"http:\/\/staging.ibermusicas.org\/index.php\/wp-json\/wp\/v2\/posts\/11827\/revisions\/11828"}],"wp:featuredmedia":[{"embeddable":true,"href":"http:\/\/staging.ibermusicas.org\/index.php\/wp-json\/wp\/v2\/media\/11825"}],"wp:attachment":[{"href":"http:\/\/staging.ibermusicas.org\/index.php\/wp-json\/wp\/v2\/media?parent=11827"}],"wp:term":[{"taxonomy":"category","embeddable":true,"href":"http:\/\/staging.ibermusicas.org\/index.php\/wp-json\/wp\/v2\/categories?post=11827"},{"taxonomy":"post_tag","embeddable":true,"href":"http:\/\/staging.ibermusicas.org\/index.php\/wp-json\/wp\/v2\/tags?post=11827"}],"curies":[{"name":"wp","href":"https:\/\/api.w.org\/{rel}","templated":true}]}}