{"id":11829,"date":"2022-05-16T22:07:39","date_gmt":"2022-05-16T22:07:39","guid":{"rendered":"http:\/\/staging.ibermusicas.org\/?p=11829"},"modified":"2022-05-16T22:07:39","modified_gmt":"2022-05-16T22:07:39","slug":"desde-chile-nos-llega-el-cruce-colores-de-america","status":"publish","type":"post","link":"http:\/\/staging.ibermusicas.org\/index.php\/desde-chile-nos-llega-el-cruce-colores-de-america\/","title":{"rendered":"Desde Chile nos llega \u201cEl Cruce &#8211; Colores de Am\u00e9rica\u201d"},"content":{"rendered":"<p>El proyecto \u201cEl Cruce &#8211; Colores de Am\u00e9rica \u201c consiste en la grabaci\u00f3n de un video a modo de concierto did\u00e1ctico en el que se destaca la influencia de ritmos e instrumentos provenientes de diversos\u00a0 pa\u00edses latinoamericanos y que con el paso del tiempo se han ido arraigando en la m\u00fasica tradicional chilena .<\/p>\n<p>&nbsp;<\/p>\n<p>El concierto estar\u00e1 dividido en cuatro m\u00f3dulos tem\u00e1ticos:<\/p>\n<p>&nbsp;<\/p>\n<ul>\n<li>La presencia de la m\u00fasica mexicana principalmente en centro &#8211; sur de chile<\/li>\n<li>El caj\u00f3n peruano y la cueca chilena<\/li>\n<li>Presencia del bombo leg\u00fcero y formas musicales argentinas arraigadas en la m\u00fasica de ra\u00edz chilena.<\/li>\n<li>La cueca urbana, caj\u00f3n, ta\u00f1ador, cucharas, instrumentaci\u00f3n mapuche y m\u00fasica fusi\u00f3n<\/li>\n<\/ul>\n<p>Viernes 27 de mayo en:<\/p>\n<p><a href=\"https:\/\/www.facebook.com\/veronicajarabanda\">https:\/\/www.facebook.com\/veronicajarabanda <\/a><\/p>\n<p><a href=\"https:\/\/www.facebook.com\/casadela.cultura.71868\">https:\/\/www.facebook.com\/casadela.cultura.71868<\/a><\/p>\n<p><a href=\"https:\/\/youtube.com\/channel\/UCSsvuhzTKcL6Dc52ND2xhuQ\">https:\/\/youtube.com\/channel\/UCSsvuhzTKcL6Dc52ND2xhuQ<\/a><\/p>\n","protected":false},"excerpt":{"rendered":"<p>El proyecto \u201cEl Cruce &#8211; Colores de Am\u00e9rica \u201c consiste en la grabaci\u00f3n de un video a modo de concierto did\u00e1ctico en el que se destaca la influencia de ritmos e instrumentos provenientes de diversos\u00a0 pa\u00edses latinoamericanos y que con el paso del tiempo se han ido arraigando en la m\u00fasica tradicional chilena . &nbsp; [&hellip;]<\/p>\n","protected":false},"author":1,"featured_media":11830,"comment_status":"closed","ping_status":"closed","sticky":false,"template":"","format":"standard","meta":{"footnotes":""},"categories":[53],"tags":[],"class_list":["post-11829","post","type-post","status-publish","format-standard","has-post-thumbnail","hentry","category-noticias-generales"],"lang":"es","translations":{"es":11829,"pt":11832},"pll_sync_post":[],"post_mailing_queue_ids":[],"_links":{"self":[{"href":"http:\/\/staging.ibermusicas.org\/index.php\/wp-json\/wp\/v2\/posts\/11829","targetHints":{"allow":["GET"]}}],"collection":[{"href":"http:\/\/staging.ibermusicas.org\/index.php\/wp-json\/wp\/v2\/posts"}],"about":[{"href":"http:\/\/staging.ibermusicas.org\/index.php\/wp-json\/wp\/v2\/types\/post"}],"author":[{"embeddable":true,"href":"http:\/\/staging.ibermusicas.org\/index.php\/wp-json\/wp\/v2\/users\/1"}],"replies":[{"embeddable":true,"href":"http:\/\/staging.ibermusicas.org\/index.php\/wp-json\/wp\/v2\/comments?post=11829"}],"version-history":[{"count":1,"href":"http:\/\/staging.ibermusicas.org\/index.php\/wp-json\/wp\/v2\/posts\/11829\/revisions"}],"predecessor-version":[{"id":11831,"href":"http:\/\/staging.ibermusicas.org\/index.php\/wp-json\/wp\/v2\/posts\/11829\/revisions\/11831"}],"wp:featuredmedia":[{"embeddable":true,"href":"http:\/\/staging.ibermusicas.org\/index.php\/wp-json\/wp\/v2\/media\/11830"}],"wp:attachment":[{"href":"http:\/\/staging.ibermusicas.org\/index.php\/wp-json\/wp\/v2\/media?parent=11829"}],"wp:term":[{"taxonomy":"category","embeddable":true,"href":"http:\/\/staging.ibermusicas.org\/index.php\/wp-json\/wp\/v2\/categories?post=11829"},{"taxonomy":"post_tag","embeddable":true,"href":"http:\/\/staging.ibermusicas.org\/index.php\/wp-json\/wp\/v2\/tags?post=11829"}],"curies":[{"name":"wp","href":"https:\/\/api.w.org\/{rel}","templated":true}]}}