{"id":11837,"date":"2022-05-16T22:11:53","date_gmt":"2022-05-16T22:11:53","guid":{"rendered":"http:\/\/staging.ibermusicas.org\/?p=11837"},"modified":"2022-06-06T17:57:12","modified_gmt":"2022-06-06T17:57:12","slug":"estreia-se-o-videoclipe-de-abraco-cumbiero-portugal-argentina","status":"publish","type":"post","link":"http:\/\/staging.ibermusicas.org\/index.php\/estreia-se-o-videoclipe-de-abraco-cumbiero-portugal-argentina\/","title":{"rendered":"Estreia-se o videoclipe de \u00abAbra\u00e7o Cumbiero: Portugal + Argentina\u00bb"},"content":{"rendered":"<p>Chega a estreia do v\u00eddeo que d\u00e1 conta do trabalho feito no \u00e2mbito da resid\u00eancia virtual realizada por Pablo Coronel (Portugal), Noelia Sinkunas (Argentina), Chiara Bolignari (Portugal), Diego Miguel Ponce (Argentina) , Carolina Varela (Portugal), Elenar Guarner (Argentina) e Matias Jalil (Argentina).<\/p>\n<p>&nbsp;<\/p>\n<p>O projeto \u00abAbraco cumbiero: Portugal + Argentina \u00bb procur\u00f3 estimular e promover os la\u00e7os de uni\u00e3o entre Portugal e Argentina, fomentando o encontro art\u00edstico e a cria\u00e7\u00e3o coletiva, apostando na mistura, na polifonia de vozes que cruzam o Atl\u00e2ntico, aprendendo e ensinando.<\/p>\n<p>&nbsp;<\/p>\n<p>Segunda-feira, 16 de maio, \u00e0s 18:00 hs. (Argentina) \/ 22:00 hs. (Portuga) em: <a href=\"https:\/\/youtu.be\/iPj2WfvOFXo\">https:\/\/youtu.be\/iPj2WfvOFXo<\/a><\/p>\n","protected":false},"excerpt":{"rendered":"<p>Chega a estreia do v\u00eddeo que d\u00e1 conta do trabalho feito no \u00e2mbito da resid\u00eancia virtual realizada por Pablo Coronel (Portugal), Noelia Sinkunas (Argentina), Chiara Bolignari (Portugal), Diego Miguel Ponce (Argentina) , Carolina Varela (Portugal), Elenar Guarner (Argentina) e Matias Jalil (Argentina). &nbsp; O projeto \u00abAbraco cumbiero: Portugal + Argentina \u00bb procur\u00f3 estimular e promover [&hellip;]<\/p>\n","protected":false},"author":1,"featured_media":11835,"comment_status":"closed","ping_status":"closed","sticky":false,"template":"","format":"standard","meta":{"footnotes":""},"categories":[218],"tags":[],"class_list":["post-11837","post","type-post","status-publish","format-standard","has-post-thumbnail","hentry","category-noticias-generales-pt"],"lang":"pt","translations":{"pt":11837,"es":11834},"pll_sync_post":[],"post_mailing_queue_ids":[],"_links":{"self":[{"href":"http:\/\/staging.ibermusicas.org\/index.php\/wp-json\/wp\/v2\/posts\/11837","targetHints":{"allow":["GET"]}}],"collection":[{"href":"http:\/\/staging.ibermusicas.org\/index.php\/wp-json\/wp\/v2\/posts"}],"about":[{"href":"http:\/\/staging.ibermusicas.org\/index.php\/wp-json\/wp\/v2\/types\/post"}],"author":[{"embeddable":true,"href":"http:\/\/staging.ibermusicas.org\/index.php\/wp-json\/wp\/v2\/users\/1"}],"replies":[{"embeddable":true,"href":"http:\/\/staging.ibermusicas.org\/index.php\/wp-json\/wp\/v2\/comments?post=11837"}],"version-history":[{"count":1,"href":"http:\/\/staging.ibermusicas.org\/index.php\/wp-json\/wp\/v2\/posts\/11837\/revisions"}],"predecessor-version":[{"id":11838,"href":"http:\/\/staging.ibermusicas.org\/index.php\/wp-json\/wp\/v2\/posts\/11837\/revisions\/11838"}],"wp:featuredmedia":[{"embeddable":true,"href":"http:\/\/staging.ibermusicas.org\/index.php\/wp-json\/wp\/v2\/media\/11835"}],"wp:attachment":[{"href":"http:\/\/staging.ibermusicas.org\/index.php\/wp-json\/wp\/v2\/media?parent=11837"}],"wp:term":[{"taxonomy":"category","embeddable":true,"href":"http:\/\/staging.ibermusicas.org\/index.php\/wp-json\/wp\/v2\/categories?post=11837"},{"taxonomy":"post_tag","embeddable":true,"href":"http:\/\/staging.ibermusicas.org\/index.php\/wp-json\/wp\/v2\/tags?post=11837"}],"curies":[{"name":"wp","href":"https:\/\/api.w.org\/{rel}","templated":true}]}}