{"id":11842,"date":"2022-05-16T22:14:20","date_gmt":"2022-05-16T22:14:20","guid":{"rendered":"http:\/\/staging.ibermusicas.org\/?p=11842"},"modified":"2022-06-30T18:52:20","modified_gmt":"2022-06-30T18:52:20","slug":"lucia-severino-do-uruguai-e-emilia-inclan-argentina-apresentam-o-resultado-de-seu-projeto-dos-compositoras","status":"publish","type":"post","link":"http:\/\/staging.ibermusicas.org\/index.php\/lucia-severino-do-uruguai-e-emilia-inclan-argentina-apresentam-o-resultado-de-seu-projeto-dos-compositoras\/","title":{"rendered":"Lucia Severino do Uruguai e Emilia Incl\u00e1n Argentina apresentam o resultado de seu projeto Dos Compositoras"},"content":{"rendered":"<p>O projeto musical Dos Compositoras \u00e9 uma proposta de trabalho colaborativo entre as compositoras Luc\u00eda Severino (Uruguai) e Emilia Incl\u00e1n (Argentina). Ambas s\u00e3o compositoras, cantoras e multiinstrumentistas que desenvolveram um estilo ecl\u00e9tico, com forte base na produ\u00e7\u00e3o musical e com \u00eanfase na poesia e na m\u00fasica. Como resultado deste projeto editam o EP Borde, o Videoclip do tema Pupila e um document\u00e1rio caseiro com parte do processo de composi\u00e7\u00e3o e produ\u00e7\u00e3o.<\/p>\n<p>&nbsp;<\/p>\n<p>Pupila (Severino \/ Incl\u00e1n), Como um sol que nasce (Severino \/ Incl\u00e1n), Uma de mil voando (Severino), Venho de longe, longe (Incl\u00e1n), Emo\u00e7\u00e3o Homicida (Lestani. Feat.Coro-Escola de Chascom\u00fas) e Ap\u00f3s seus olhos (Magnone\/Roos) s\u00e3o as can\u00e7\u00f5es que comp\u00f5em Borde.<\/p>\n<p>&nbsp;<\/p>\n<p><strong>Ep<\/strong><\/p>\n<p><a href=\"https:\/\/open.spotify.com\/album\/1SSmHq8EjmSyNZER9nlYkS?si=V1WG6oehQtWMPVr8eFaRNA\">https:\/\/open.spotify.com\/album\/1SSmHq8EjmSyNZER9nlYkS?si=V1WG6oehQtWMPVr8eFaRNA<\/a><\/p>\n<p>&nbsp;<\/p>\n<p><strong>Videoclip Pupila<\/strong><\/p>\n<p><a href=\"https:\/\/www.youtube.com\/watch?v=tDHLaL9A4_A\">https:\/\/www.youtube.com\/watch?v=tDHLaL9A4_A<\/a><\/p>\n<p>&nbsp;<\/p>\n<p><strong>Making of <\/strong><\/p>\n<p><a href=\"https:\/\/www.youtube.com\/watch?v=y3YJURPe0vM&amp;list=RDy3YJURPe0vM&amp;start_radio=1\">https:\/\/www.youtube.com\/watch?v=y3YJURPe0vM&amp;list=RDy3YJURPe0vM&amp;start_radio=1<\/a><\/p>\n","protected":false},"excerpt":{"rendered":"<p>O projeto musical Dos Compositoras \u00e9 uma proposta de trabalho colaborativo entre as compositoras Luc\u00eda Severino (Uruguai) e Emilia Incl\u00e1n (Argentina). Ambas s\u00e3o compositoras, cantoras e multiinstrumentistas que desenvolveram um estilo ecl\u00e9tico, com forte base na produ\u00e7\u00e3o musical e com \u00eanfase na poesia e na m\u00fasica. Como resultado deste projeto editam o EP Borde, o [&hellip;]<\/p>\n","protected":false},"author":1,"featured_media":11840,"comment_status":"closed","ping_status":"closed","sticky":false,"template":"","format":"standard","meta":{"footnotes":""},"categories":[218],"tags":[],"class_list":["post-11842","post","type-post","status-publish","format-standard","has-post-thumbnail","hentry","category-noticias-generales-pt"],"lang":"pt","translations":{"pt":11842,"es":11839},"pll_sync_post":[],"post_mailing_queue_ids":[],"_links":{"self":[{"href":"http:\/\/staging.ibermusicas.org\/index.php\/wp-json\/wp\/v2\/posts\/11842","targetHints":{"allow":["GET"]}}],"collection":[{"href":"http:\/\/staging.ibermusicas.org\/index.php\/wp-json\/wp\/v2\/posts"}],"about":[{"href":"http:\/\/staging.ibermusicas.org\/index.php\/wp-json\/wp\/v2\/types\/post"}],"author":[{"embeddable":true,"href":"http:\/\/staging.ibermusicas.org\/index.php\/wp-json\/wp\/v2\/users\/1"}],"replies":[{"embeddable":true,"href":"http:\/\/staging.ibermusicas.org\/index.php\/wp-json\/wp\/v2\/comments?post=11842"}],"version-history":[{"count":1,"href":"http:\/\/staging.ibermusicas.org\/index.php\/wp-json\/wp\/v2\/posts\/11842\/revisions"}],"predecessor-version":[{"id":11843,"href":"http:\/\/staging.ibermusicas.org\/index.php\/wp-json\/wp\/v2\/posts\/11842\/revisions\/11843"}],"wp:featuredmedia":[{"embeddable":true,"href":"http:\/\/staging.ibermusicas.org\/index.php\/wp-json\/wp\/v2\/media\/11840"}],"wp:attachment":[{"href":"http:\/\/staging.ibermusicas.org\/index.php\/wp-json\/wp\/v2\/media?parent=11842"}],"wp:term":[{"taxonomy":"category","embeddable":true,"href":"http:\/\/staging.ibermusicas.org\/index.php\/wp-json\/wp\/v2\/categories?post=11842"},{"taxonomy":"post_tag","embeddable":true,"href":"http:\/\/staging.ibermusicas.org\/index.php\/wp-json\/wp\/v2\/tags?post=11842"}],"curies":[{"name":"wp","href":"https:\/\/api.w.org\/{rel}","templated":true}]}}