{"id":11844,"date":"2022-05-16T22:16:01","date_gmt":"2022-05-16T22:16:01","guid":{"rendered":"http:\/\/staging.ibermusicas.org\/?p=11844"},"modified":"2022-06-06T17:54:50","modified_gmt":"2022-06-06T17:54:50","slug":"llega-desde-chile-la-6-fiesta-pensante-con-musica-urbana-talleres-y-conversatorio","status":"publish","type":"post","link":"http:\/\/staging.ibermusicas.org\/index.php\/llega-desde-chile-la-6-fiesta-pensante-con-musica-urbana-talleres-y-conversatorio\/","title":{"rendered":"Llega desde Chile la 6\u00b0 Fiesta Pensante con m\u00fasica urbana, talleres y conversatorio"},"content":{"rendered":"<p>La Fiesta Pensante es una instancia de intercambio de saberes y reflexi\u00f3n en torno a la importancia del arte como herramienta para la transformaci\u00f3n social que est\u00e1 organizada por el Centro Cultural Flowrida Escuela.<\/p>\n<p>\u201cQueremos poner en valor el trabajo de las y los artistas urbanos que inciden por la mejora de los barrios de Chile y Latinoam\u00e9rica mediante sus letras y el v\u00ednculo con sus territorios. Conocerlos y escucharlos nos ayuda a nutrir nuestros procesos como artistas comunitarios\u201d, se\u00f1ala Patricio Madi\u00f1\u00e1, presidente de Flowrida Escuela.<\/p>\n<p>Esta nueva edici\u00f3n contar\u00e1 con presentaciones de: Masquemusica (Chile), Promaabro (Chile), Mastaquba (M\u00e9xico), Teatro Hip Hop (Ecuador), Raso Autonomy (Per\u00fa) y Henak (Espa\u00f1a) y espacios formativos de acceso libre y gratuito dedicados a la producci\u00f3n musical: \u201cEl arte del Live Looping\u201d y \u201cEdici\u00f3n y Mezcla de voces\u201d a cargo de LuxoSax y Charly Humos, respectivamente.<\/p>\n<p>&nbsp;<\/p>\n<p>Domingo 22 de mayo a las 18:00 horas de Chile<\/p>\n<p><a href=\"https:\/\/www.facebook.com\/flowrida.cl\">https:\/\/www.facebook.com\/flowrida.cl<\/a><\/p>\n<p><a href=\"https:\/\/www.instagram.com\/flowrida.cl\/\">https:\/\/www.instagram.com\/flowrida.cl\/<\/a><\/p>\n<p><a href=\"http:\/\/www.flowrida.cl\/\">www.flowrida.cl<\/a><\/p>\n","protected":false},"excerpt":{"rendered":"<p>La Fiesta Pensante es una instancia de intercambio de saberes y reflexi\u00f3n en torno a la importancia del arte como herramienta para la transformaci\u00f3n social que est\u00e1 organizada por el Centro Cultural Flowrida Escuela. \u201cQueremos poner en valor el trabajo de las y los artistas urbanos que inciden por la mejora de los barrios de [&hellip;]<\/p>\n","protected":false},"author":1,"featured_media":11845,"comment_status":"closed","ping_status":"closed","sticky":false,"template":"","format":"standard","meta":{"footnotes":""},"categories":[53],"tags":[],"class_list":["post-11844","post","type-post","status-publish","format-standard","has-post-thumbnail","hentry","category-noticias-generales"],"lang":"es","translations":{"es":11844,"pt":11848},"pll_sync_post":[],"post_mailing_queue_ids":[],"_links":{"self":[{"href":"http:\/\/staging.ibermusicas.org\/index.php\/wp-json\/wp\/v2\/posts\/11844","targetHints":{"allow":["GET"]}}],"collection":[{"href":"http:\/\/staging.ibermusicas.org\/index.php\/wp-json\/wp\/v2\/posts"}],"about":[{"href":"http:\/\/staging.ibermusicas.org\/index.php\/wp-json\/wp\/v2\/types\/post"}],"author":[{"embeddable":true,"href":"http:\/\/staging.ibermusicas.org\/index.php\/wp-json\/wp\/v2\/users\/1"}],"replies":[{"embeddable":true,"href":"http:\/\/staging.ibermusicas.org\/index.php\/wp-json\/wp\/v2\/comments?post=11844"}],"version-history":[{"count":2,"href":"http:\/\/staging.ibermusicas.org\/index.php\/wp-json\/wp\/v2\/posts\/11844\/revisions"}],"predecessor-version":[{"id":11847,"href":"http:\/\/staging.ibermusicas.org\/index.php\/wp-json\/wp\/v2\/posts\/11844\/revisions\/11847"}],"wp:featuredmedia":[{"embeddable":true,"href":"http:\/\/staging.ibermusicas.org\/index.php\/wp-json\/wp\/v2\/media\/11845"}],"wp:attachment":[{"href":"http:\/\/staging.ibermusicas.org\/index.php\/wp-json\/wp\/v2\/media?parent=11844"}],"wp:term":[{"taxonomy":"category","embeddable":true,"href":"http:\/\/staging.ibermusicas.org\/index.php\/wp-json\/wp\/v2\/categories?post=11844"},{"taxonomy":"post_tag","embeddable":true,"href":"http:\/\/staging.ibermusicas.org\/index.php\/wp-json\/wp\/v2\/tags?post=11844"}],"curies":[{"name":"wp","href":"https:\/\/api.w.org\/{rel}","templated":true}]}}