{"id":11848,"date":"2022-05-16T22:18:02","date_gmt":"2022-05-16T22:18:02","guid":{"rendered":"http:\/\/staging.ibermusicas.org\/?p=11848"},"modified":"2022-06-06T17:57:05","modified_gmt":"2022-06-06T17:57:05","slug":"a-6a-festa-pensante-chega-do-chile-com-musica-urbana-oficinas-e-bate-papo","status":"publish","type":"post","link":"http:\/\/staging.ibermusicas.org\/index.php\/a-6a-festa-pensante-chega-do-chile-com-musica-urbana-oficinas-e-bate-papo\/","title":{"rendered":"A 6\u00aa Festa Pensante chega do Chile com m\u00fasica urbana, oficinas e bate-papo"},"content":{"rendered":"<p>A Festa Pensante \u00e9 uma inst\u00e2ncia de troca de conhecimento e reflex\u00e3o sobre a import\u00e2ncia da arte como ferramenta de transforma\u00e7\u00e3o social que \u00e9 organizada pelo Centro Cultural Flowrida Escuela.<\/p>\n<p>&nbsp;<\/p>\n<p>\u201cQueremos valorizar o trabalho de artistas urbanos que influenciam a melhoria de bairros no Chile e na Am\u00e9rica Latina por meio de suas letras e do v\u00ednculo com seus territ\u00f3rios. Conhec\u00ea-los e ouvi-los nos ajuda a nutrir nossos processos como artistas comunit\u00e1rios\u201d, diz Patricio Madi\u00f1\u00e1, presidente da Flowrida Escuela.<\/p>\n<p>&nbsp;<\/p>\n<p>Esta nova edi\u00e7\u00e3o contar\u00e1 com apresenta\u00e7\u00f5es de: Masquemusica (Chile), Promaabro (Chile), Mastaquba (M\u00e9xico), Teatro Hip Hop (Equador), Raso Autonomy (Peru) e Henak (Espanha) e espa\u00e7os de treinamento de acesso livre e gratuito dedicados ao produ\u00e7\u00e3o musical: \u00abA arte do Live Looping\u00bb e \u00abEdi\u00e7\u00e3o e Mixagem de vozes\u00bb de LuxoSax e Charly Humos, respectivamente.<\/p>\n<p>&nbsp;<\/p>\n<p>&nbsp;<\/p>\n<p>Domingo, 22 de maio, \u00e0s 18h, no Chile<\/p>\n<p><a href=\"https:\/\/www.facebook.com\/flowrida.cl\">https:\/\/www.facebook.com\/flowrida.cl<\/a><\/p>\n<p><a href=\"https:\/\/www.instagram.com\/flowrida.cl\/\">https:\/\/www.instagram.com\/flowrida.cl\/<\/a><\/p>\n<p><a href=\"http:\/\/www.flowrida.cl\/\">www.flowrida.cl<\/a><\/p>\n","protected":false},"excerpt":{"rendered":"<p>A Festa Pensante \u00e9 uma inst\u00e2ncia de troca de conhecimento e reflex\u00e3o sobre a import\u00e2ncia da arte como ferramenta de transforma\u00e7\u00e3o social que \u00e9 organizada pelo Centro Cultural Flowrida Escuela. &nbsp; \u201cQueremos valorizar o trabalho de artistas urbanos que influenciam a melhoria de bairros no Chile e na Am\u00e9rica Latina por meio de suas letras [&hellip;]<\/p>\n","protected":false},"author":1,"featured_media":11845,"comment_status":"closed","ping_status":"closed","sticky":false,"template":"","format":"standard","meta":{"footnotes":""},"categories":[218],"tags":[],"class_list":["post-11848","post","type-post","status-publish","format-standard","has-post-thumbnail","hentry","category-noticias-generales-pt"],"lang":"pt","translations":{"pt":11848,"es":11844},"pll_sync_post":[],"post_mailing_queue_ids":[],"_links":{"self":[{"href":"http:\/\/staging.ibermusicas.org\/index.php\/wp-json\/wp\/v2\/posts\/11848","targetHints":{"allow":["GET"]}}],"collection":[{"href":"http:\/\/staging.ibermusicas.org\/index.php\/wp-json\/wp\/v2\/posts"}],"about":[{"href":"http:\/\/staging.ibermusicas.org\/index.php\/wp-json\/wp\/v2\/types\/post"}],"author":[{"embeddable":true,"href":"http:\/\/staging.ibermusicas.org\/index.php\/wp-json\/wp\/v2\/users\/1"}],"replies":[{"embeddable":true,"href":"http:\/\/staging.ibermusicas.org\/index.php\/wp-json\/wp\/v2\/comments?post=11848"}],"version-history":[{"count":1,"href":"http:\/\/staging.ibermusicas.org\/index.php\/wp-json\/wp\/v2\/posts\/11848\/revisions"}],"predecessor-version":[{"id":11849,"href":"http:\/\/staging.ibermusicas.org\/index.php\/wp-json\/wp\/v2\/posts\/11848\/revisions\/11849"}],"wp:featuredmedia":[{"embeddable":true,"href":"http:\/\/staging.ibermusicas.org\/index.php\/wp-json\/wp\/v2\/media\/11845"}],"wp:attachment":[{"href":"http:\/\/staging.ibermusicas.org\/index.php\/wp-json\/wp\/v2\/media?parent=11848"}],"wp:term":[{"taxonomy":"category","embeddable":true,"href":"http:\/\/staging.ibermusicas.org\/index.php\/wp-json\/wp\/v2\/categories?post=11848"},{"taxonomy":"post_tag","embeddable":true,"href":"http:\/\/staging.ibermusicas.org\/index.php\/wp-json\/wp\/v2\/tags?post=11848"}],"curies":[{"name":"wp","href":"https:\/\/api.w.org\/{rel}","templated":true}]}}