{"id":11850,"date":"2022-05-16T22:19:22","date_gmt":"2022-05-16T22:19:22","guid":{"rendered":"http:\/\/staging.ibermusicas.org\/?p=11850"},"modified":"2022-06-06T17:54:40","modified_gmt":"2022-06-06T17:54:40","slug":"marcos-manrique-sexteto-la-agrupacion-de-jazz-peruana-se-presentara-en-el-jazztival-de-morelia-michoacan-mexico","status":"publish","type":"post","link":"http:\/\/staging.ibermusicas.org\/index.php\/marcos-manrique-sexteto-la-agrupacion-de-jazz-peruana-se-presentara-en-el-jazztival-de-morelia-michoacan-mexico\/","title":{"rendered":"Marcos Manrique Sexteto, la agrupaci\u00f3n de jazz peruana, se presentar\u00e1 en el Jazztival de Morelia, Michoac\u00e1n, M\u00e9xico"},"content":{"rendered":"<p>El Marcos Manrique Sexteto es un grupo de jazz fusi\u00f3n peruano que aborda al jazz desde la identidad peruana y latinoamericana.<\/p>\n<p>&nbsp;<\/p>\n<p>La agrupaci\u00f3n est\u00e1 liderada por Marcos Manrique Arag\u00f3n, quien es saxofonista, compositor y productor. Con el Marcos Manrique Sexteto, ha realizado su primera producci\u00f3n autoral, AYNI, en la cual fusiona su experiencia personal dentro del jazz con ritmos peruanos, brasile\u00f1os y caribe\u00f1os.<\/p>\n<p>Del 27 al 29 de mayo en el Jazztival de Morelia, Michoac\u00e1n, M\u00e9xico<\/p>\n","protected":false},"excerpt":{"rendered":"<p>El Marcos Manrique Sexteto es un grupo de jazz fusi\u00f3n peruano que aborda al jazz desde la identidad peruana y latinoamericana. &nbsp; La agrupaci\u00f3n est\u00e1 liderada por Marcos Manrique Arag\u00f3n, quien es saxofonista, compositor y productor. Con el Marcos Manrique Sexteto, ha realizado su primera producci\u00f3n autoral, AYNI, en la cual fusiona su experiencia personal [&hellip;]<\/p>\n","protected":false},"author":1,"featured_media":11851,"comment_status":"closed","ping_status":"closed","sticky":false,"template":"","format":"standard","meta":{"footnotes":""},"categories":[53],"tags":[],"class_list":["post-11850","post","type-post","status-publish","format-standard","has-post-thumbnail","hentry","category-noticias-generales"],"lang":"es","translations":{"es":11850,"pt":11853},"pll_sync_post":[],"post_mailing_queue_ids":[],"_links":{"self":[{"href":"http:\/\/staging.ibermusicas.org\/index.php\/wp-json\/wp\/v2\/posts\/11850","targetHints":{"allow":["GET"]}}],"collection":[{"href":"http:\/\/staging.ibermusicas.org\/index.php\/wp-json\/wp\/v2\/posts"}],"about":[{"href":"http:\/\/staging.ibermusicas.org\/index.php\/wp-json\/wp\/v2\/types\/post"}],"author":[{"embeddable":true,"href":"http:\/\/staging.ibermusicas.org\/index.php\/wp-json\/wp\/v2\/users\/1"}],"replies":[{"embeddable":true,"href":"http:\/\/staging.ibermusicas.org\/index.php\/wp-json\/wp\/v2\/comments?post=11850"}],"version-history":[{"count":1,"href":"http:\/\/staging.ibermusicas.org\/index.php\/wp-json\/wp\/v2\/posts\/11850\/revisions"}],"predecessor-version":[{"id":11852,"href":"http:\/\/staging.ibermusicas.org\/index.php\/wp-json\/wp\/v2\/posts\/11850\/revisions\/11852"}],"wp:featuredmedia":[{"embeddable":true,"href":"http:\/\/staging.ibermusicas.org\/index.php\/wp-json\/wp\/v2\/media\/11851"}],"wp:attachment":[{"href":"http:\/\/staging.ibermusicas.org\/index.php\/wp-json\/wp\/v2\/media?parent=11850"}],"wp:term":[{"taxonomy":"category","embeddable":true,"href":"http:\/\/staging.ibermusicas.org\/index.php\/wp-json\/wp\/v2\/categories?post=11850"},{"taxonomy":"post_tag","embeddable":true,"href":"http:\/\/staging.ibermusicas.org\/index.php\/wp-json\/wp\/v2\/tags?post=11850"}],"curies":[{"name":"wp","href":"https:\/\/api.w.org\/{rel}","templated":true}]}}