{"id":11853,"date":"2022-05-16T22:20:33","date_gmt":"2022-05-16T22:20:33","guid":{"rendered":"http:\/\/staging.ibermusicas.org\/?p=11853"},"modified":"2022-06-06T17:56:58","modified_gmt":"2022-06-06T17:56:58","slug":"marcos-manrique-sexteto-o-grupo-de-jazz-peruano-se-apresentara-no-jazztival-em-morelia-michoacan-mexico","status":"publish","type":"post","link":"http:\/\/staging.ibermusicas.org\/index.php\/marcos-manrique-sexteto-o-grupo-de-jazz-peruano-se-apresentara-no-jazztival-em-morelia-michoacan-mexico\/","title":{"rendered":"Marcos Manrique Sexteto, o grupo de jazz peruano, se apresentar\u00e1 no Jazztival em Morelia, Michoac\u00e1n, M\u00e9xico"},"content":{"rendered":"<p>O Marcos Manrique Sexteto \u00e9 um grupo de jazz de fus\u00e3o peruano que aborda o jazz a partir da identidade peruana e latino-americana.<\/p>\n<p>&nbsp;<\/p>\n<p>O grupo \u00e9 liderado por Marcos Manrique Arag\u00f3n, que \u00e9 saxofonista, compositor e produtor. Com o Marcos Manrique Sexteto, fez sua primeira produ\u00e7\u00e3o autoral, AYNI, na qual funde sua experi\u00eancia pessoal no jazz com ritmos peruanos, brasileiros e caribenhos.<\/p>\n<p>De 27 a 29 de maio no Jazztival em Morelia, Michoac\u00e1n, M\u00e9xico<\/p>\n","protected":false},"excerpt":{"rendered":"<p>O Marcos Manrique Sexteto \u00e9 um grupo de jazz de fus\u00e3o peruano que aborda o jazz a partir da identidade peruana e latino-americana. &nbsp; O grupo \u00e9 liderado por Marcos Manrique Arag\u00f3n, que \u00e9 saxofonista, compositor e produtor. Com o Marcos Manrique Sexteto, fez sua primeira produ\u00e7\u00e3o autoral, AYNI, na qual funde sua experi\u00eancia pessoal [&hellip;]<\/p>\n","protected":false},"author":1,"featured_media":11851,"comment_status":"closed","ping_status":"closed","sticky":false,"template":"","format":"standard","meta":{"footnotes":""},"categories":[218],"tags":[],"class_list":["post-11853","post","type-post","status-publish","format-standard","has-post-thumbnail","hentry","category-noticias-generales-pt"],"lang":"pt","translations":{"pt":11853,"es":11850},"pll_sync_post":[],"post_mailing_queue_ids":[],"_links":{"self":[{"href":"http:\/\/staging.ibermusicas.org\/index.php\/wp-json\/wp\/v2\/posts\/11853","targetHints":{"allow":["GET"]}}],"collection":[{"href":"http:\/\/staging.ibermusicas.org\/index.php\/wp-json\/wp\/v2\/posts"}],"about":[{"href":"http:\/\/staging.ibermusicas.org\/index.php\/wp-json\/wp\/v2\/types\/post"}],"author":[{"embeddable":true,"href":"http:\/\/staging.ibermusicas.org\/index.php\/wp-json\/wp\/v2\/users\/1"}],"replies":[{"embeddable":true,"href":"http:\/\/staging.ibermusicas.org\/index.php\/wp-json\/wp\/v2\/comments?post=11853"}],"version-history":[{"count":1,"href":"http:\/\/staging.ibermusicas.org\/index.php\/wp-json\/wp\/v2\/posts\/11853\/revisions"}],"predecessor-version":[{"id":11854,"href":"http:\/\/staging.ibermusicas.org\/index.php\/wp-json\/wp\/v2\/posts\/11853\/revisions\/11854"}],"wp:featuredmedia":[{"embeddable":true,"href":"http:\/\/staging.ibermusicas.org\/index.php\/wp-json\/wp\/v2\/media\/11851"}],"wp:attachment":[{"href":"http:\/\/staging.ibermusicas.org\/index.php\/wp-json\/wp\/v2\/media?parent=11853"}],"wp:term":[{"taxonomy":"category","embeddable":true,"href":"http:\/\/staging.ibermusicas.org\/index.php\/wp-json\/wp\/v2\/categories?post=11853"},{"taxonomy":"post_tag","embeddable":true,"href":"http:\/\/staging.ibermusicas.org\/index.php\/wp-json\/wp\/v2\/tags?post=11853"}],"curies":[{"name":"wp","href":"https:\/\/api.w.org\/{rel}","templated":true}]}}