{"id":11855,"date":"2022-05-16T22:22:07","date_gmt":"2022-05-16T22:22:07","guid":{"rendered":"http:\/\/staging.ibermusicas.org\/?p=11855"},"modified":"2022-06-06T17:54:33","modified_gmt":"2022-06-06T17:54:33","slug":"abimael-herrera-de-panama-y-beto-lobo-de-mexico-compartiran-el-concierto-vivir-2022","status":"publish","type":"post","link":"http:\/\/staging.ibermusicas.org\/index.php\/abimael-herrera-de-panama-y-beto-lobo-de-mexico-compartiran-el-concierto-vivir-2022\/","title":{"rendered":"Abimael Herrera de Panam\u00e1 y Beto Lobo de M\u00e9xico compartir\u00e1n el concierto \u201cVivir 2022\u201d"},"content":{"rendered":"<p>El concierto \u201cVivir 2022\u201d consistir\u00e1 en dos presentaciones musicales casi simult\u00e1neas. Se tratar\u00e1 de dos conciertos presenciales que a su vez ser\u00e1n transmitidos en formato virtual. El concierto del artista paname\u00f1o ser\u00e1 presenciado en forma virtual por el p\u00fablico del artista mexicano y lo mismo suceder\u00e1 a la inversa.<\/p>\n<p>&nbsp;<\/p>\n<p>Beto Lobo es cantautor y multi-instrumentista de San Luis Potos\u00ed que a los 15 a\u00f1os comenz\u00f3 su carrera como m\u00fasico profesional. Ya cuenta con 150 canciones registradas en la Sociedad de Autores y Compositores de M\u00e9xico. Ha grabado diez discos de estudio y uno en vivo.<\/p>\n<p>&nbsp;<\/p>\n<p>Abimael Herrera es un joven cantante de origen Paname\u00f1o, que naci\u00f3 en el poblado de Sabaneta, distrito de la Pintada provincia de Cocl\u00e9 en Panam\u00e1.\u00a0 En 2006, con tan solo 12 a\u00f1os, lanz\u00f3 su primer disco titulado \u201cAbriendo Caminos\u201d.<\/p>\n<p>&nbsp;<\/p>\n<p>s\u00e1bado 21 de mayo, 19 hs<\/p>\n<p>Anfiteatro el mes\u00f3n Penonom\u00e9, Panam\u00e1<\/p>\n<p><a href=\"https:\/\/www.facebook.com\/groups\/4428434657168142\">https:\/\/www.facebook.com\/groups\/4428434657168142<\/a><\/p>\n","protected":false},"excerpt":{"rendered":"<p>El concierto \u201cVivir 2022\u201d consistir\u00e1 en dos presentaciones musicales casi simult\u00e1neas. Se tratar\u00e1 de dos conciertos presenciales que a su vez ser\u00e1n transmitidos en formato virtual. El concierto del artista paname\u00f1o ser\u00e1 presenciado en forma virtual por el p\u00fablico del artista mexicano y lo mismo suceder\u00e1 a la inversa. &nbsp; Beto Lobo es cantautor y [&hellip;]<\/p>\n","protected":false},"author":1,"featured_media":11856,"comment_status":"closed","ping_status":"closed","sticky":false,"template":"","format":"standard","meta":{"footnotes":""},"categories":[53],"tags":[],"class_list":["post-11855","post","type-post","status-publish","format-standard","has-post-thumbnail","hentry","category-noticias-generales"],"lang":"es","translations":{"es":11855,"pt":11858},"pll_sync_post":[],"post_mailing_queue_ids":[],"_links":{"self":[{"href":"http:\/\/staging.ibermusicas.org\/index.php\/wp-json\/wp\/v2\/posts\/11855","targetHints":{"allow":["GET"]}}],"collection":[{"href":"http:\/\/staging.ibermusicas.org\/index.php\/wp-json\/wp\/v2\/posts"}],"about":[{"href":"http:\/\/staging.ibermusicas.org\/index.php\/wp-json\/wp\/v2\/types\/post"}],"author":[{"embeddable":true,"href":"http:\/\/staging.ibermusicas.org\/index.php\/wp-json\/wp\/v2\/users\/1"}],"replies":[{"embeddable":true,"href":"http:\/\/staging.ibermusicas.org\/index.php\/wp-json\/wp\/v2\/comments?post=11855"}],"version-history":[{"count":1,"href":"http:\/\/staging.ibermusicas.org\/index.php\/wp-json\/wp\/v2\/posts\/11855\/revisions"}],"predecessor-version":[{"id":11857,"href":"http:\/\/staging.ibermusicas.org\/index.php\/wp-json\/wp\/v2\/posts\/11855\/revisions\/11857"}],"wp:featuredmedia":[{"embeddable":true,"href":"http:\/\/staging.ibermusicas.org\/index.php\/wp-json\/wp\/v2\/media\/11856"}],"wp:attachment":[{"href":"http:\/\/staging.ibermusicas.org\/index.php\/wp-json\/wp\/v2\/media?parent=11855"}],"wp:term":[{"taxonomy":"category","embeddable":true,"href":"http:\/\/staging.ibermusicas.org\/index.php\/wp-json\/wp\/v2\/categories?post=11855"},{"taxonomy":"post_tag","embeddable":true,"href":"http:\/\/staging.ibermusicas.org\/index.php\/wp-json\/wp\/v2\/tags?post=11855"}],"curies":[{"name":"wp","href":"https:\/\/api.w.org\/{rel}","templated":true}]}}