{"id":11860,"date":"2022-05-16T22:25:46","date_gmt":"2022-05-16T22:25:46","guid":{"rendered":"http:\/\/staging.ibermusicas.org\/?p=11860"},"modified":"2022-06-06T17:54:26","modified_gmt":"2022-06-06T17:54:26","slug":"filarmonia-de-bagaces-de-costa-rica-continua-con-los-estrenos-de-sus-videos-de-homenaje-a-los-compositores-guanacastecos","status":"publish","type":"post","link":"http:\/\/staging.ibermusicas.org\/index.php\/filarmonia-de-bagaces-de-costa-rica-continua-con-los-estrenos-de-sus-videos-de-homenaje-a-los-compositores-guanacastecos\/","title":{"rendered":"Filarmon\u00eda de Bagaces de Costa Rica contin\u00faa con los estrenos de sus videos de homenaje a los compositores guanacastecos"},"content":{"rendered":"<p>La Filarmon\u00eda de Bagaces es un proyecto impulsado por un grupo de amantes de la m\u00fasica quienes han sembrado las bases y han venido desarrollando una agrupaci\u00f3n con miras a constituirla en una Banda de Conciertos para as\u00ed deleitar a los pobladores con repertorio regional, nacional e internacional mediante conciertos y actividades de gran calidad art\u00edstica.<\/p>\n<p>&nbsp;<\/p>\n<p>Con este proyecto buscan rendir homenaje a los compositores de la provincia de Guanacaste, Costa Rica, por medio de la virtualizaci\u00f3n de sus composiciones en audio y video, con el fin salvaguardar el legado cultural constitu\u00eddo por la riqueza musical de compositores como Medardo Guido, An\u00edbal Herrera, Ulpiano Duarte y Jes\u00fas Bonilla. Las canciones contienen motivos y letras que fueron inspiradas en aquellos elementos propios del territorio: la hacienda, el sabanero, atardeceres, cotidianidad, costumbres, tradiciones, jerga, que caracterizan y son propios de la identidad cultural del guanacasteco.<\/p>\n<p>Joyce de An\u00edbal Herrera Cerdas<\/p>\n<p><a href=\"https:\/\/youtu.be\/QDuZBE39a_0\">https:\/\/youtu.be\/QDuZBE39a_0<\/a><\/p>\n<p>&nbsp;<\/p>\n<p>Huell\u00f3n de la Carreta de H\u00e9ctor Z\u00fa\u00f1iga Rovira<\/p>\n<p><a href=\"https:\/\/youtu.be\/DpjLx5gqHhk\">https:\/\/youtu.be\/DpjLx5gqHhk<\/a><\/p>\n<p>&nbsp;<\/p>\n","protected":false},"excerpt":{"rendered":"<p>La Filarmon\u00eda de Bagaces es un proyecto impulsado por un grupo de amantes de la m\u00fasica quienes han sembrado las bases y han venido desarrollando una agrupaci\u00f3n con miras a constituirla en una Banda de Conciertos para as\u00ed deleitar a los pobladores con repertorio regional, nacional e internacional mediante conciertos y actividades de gran calidad [&hellip;]<\/p>\n","protected":false},"author":1,"featured_media":11861,"comment_status":"closed","ping_status":"closed","sticky":false,"template":"","format":"standard","meta":{"footnotes":""},"categories":[53],"tags":[],"class_list":["post-11860","post","type-post","status-publish","format-standard","has-post-thumbnail","hentry","category-noticias-generales"],"lang":"es","translations":{"es":11860,"pt":11863},"pll_sync_post":[],"post_mailing_queue_ids":[],"_links":{"self":[{"href":"http:\/\/staging.ibermusicas.org\/index.php\/wp-json\/wp\/v2\/posts\/11860","targetHints":{"allow":["GET"]}}],"collection":[{"href":"http:\/\/staging.ibermusicas.org\/index.php\/wp-json\/wp\/v2\/posts"}],"about":[{"href":"http:\/\/staging.ibermusicas.org\/index.php\/wp-json\/wp\/v2\/types\/post"}],"author":[{"embeddable":true,"href":"http:\/\/staging.ibermusicas.org\/index.php\/wp-json\/wp\/v2\/users\/1"}],"replies":[{"embeddable":true,"href":"http:\/\/staging.ibermusicas.org\/index.php\/wp-json\/wp\/v2\/comments?post=11860"}],"version-history":[{"count":1,"href":"http:\/\/staging.ibermusicas.org\/index.php\/wp-json\/wp\/v2\/posts\/11860\/revisions"}],"predecessor-version":[{"id":11862,"href":"http:\/\/staging.ibermusicas.org\/index.php\/wp-json\/wp\/v2\/posts\/11860\/revisions\/11862"}],"wp:featuredmedia":[{"embeddable":true,"href":"http:\/\/staging.ibermusicas.org\/index.php\/wp-json\/wp\/v2\/media\/11861"}],"wp:attachment":[{"href":"http:\/\/staging.ibermusicas.org\/index.php\/wp-json\/wp\/v2\/media?parent=11860"}],"wp:term":[{"taxonomy":"category","embeddable":true,"href":"http:\/\/staging.ibermusicas.org\/index.php\/wp-json\/wp\/v2\/categories?post=11860"},{"taxonomy":"post_tag","embeddable":true,"href":"http:\/\/staging.ibermusicas.org\/index.php\/wp-json\/wp\/v2\/tags?post=11860"}],"curies":[{"name":"wp","href":"https:\/\/api.w.org\/{rel}","templated":true}]}}