{"id":11863,"date":"2022-05-16T22:27:19","date_gmt":"2022-05-16T22:27:19","guid":{"rendered":"http:\/\/staging.ibermusicas.org\/?p=11863"},"modified":"2022-06-06T17:56:43","modified_gmt":"2022-06-06T17:56:43","slug":"filarmonia-de-bagaces-de-costa-rica-continua-com-as-estreias-de-seus-videos-de-homenagem-aos-compositores-guanacastecos","status":"publish","type":"post","link":"http:\/\/staging.ibermusicas.org\/index.php\/filarmonia-de-bagaces-de-costa-rica-continua-com-as-estreias-de-seus-videos-de-homenagem-aos-compositores-guanacastecos\/","title":{"rendered":"Filarmonia de Bagaces de Costa Rica continua com as estreias de seus v\u00eddeos de homenagem aos compositores guanacastecos"},"content":{"rendered":"<p>A Filarmonia de Bagaces \u00e9 um projecto promovido por um grupo de amantes da m\u00fasica que t\u00eam semeado as bases e t\u00eam vindo a desenvolver um grupo com o objectivo de a constituir numa Banda de Concertos para assim deleitar os moradores com repert\u00f3rio regional, nacional e internacional atrav\u00e9s de concertos e de actividades de grande qualidade art\u00edstica.<\/p>\n<p>&nbsp;<\/p>\n<p>Com este projeto procuram prestar homenagem aos compositores da prov\u00edncia de Guanacaste, Costa Rica, por meio da virtualiza\u00e7\u00e3o de suas composi\u00e7\u00f5es em \u00e1udio e v\u00eddeo, a fim de salvaguardar o legado cultural constitu\u00eddo pela riqueza musical de compositores como Medardo Guido, An\u00edbal Herrera, Ulpiano Duarte e Jes\u00fas Bonilla. As can\u00e7\u00f5es cont\u00eam motivos e letras que foram inspiradas naqueles elementos pr\u00f3prios do territ\u00f3rio: a fazenda, o sabanero, entardeceres, cotidianidade, costumes, tradi\u00e7\u00f5es, jarg\u00e3o, que caracterizam e s\u00e3o pr\u00f3prios da identidade cultural do guanacasteco.<\/p>\n<p>&nbsp;<\/p>\n<p>Joyce de An\u00edbal Herrera Cerdas<\/p>\n<p><a href=\"https:\/\/youtu.be\/QDuZBE39a_0\">https:\/\/youtu.be\/QDuZBE39a_0<\/a><\/p>\n<p>&nbsp;<\/p>\n<p>Huell\u00f3n de la Carreta de H\u00e9ctor Z\u00fa\u00f1iga Rovira<\/p>\n<p><a href=\"https:\/\/youtu.be\/DpjLx5gqHhk\">https:\/\/youtu.be\/DpjLx5gqHhk<\/a><\/p>\n<p>&nbsp;<\/p>\n","protected":false},"excerpt":{"rendered":"<p>A Filarmonia de Bagaces \u00e9 um projecto promovido por um grupo de amantes da m\u00fasica que t\u00eam semeado as bases e t\u00eam vindo a desenvolver um grupo com o objectivo de a constituir numa Banda de Concertos para assim deleitar os moradores com repert\u00f3rio regional, nacional e internacional atrav\u00e9s de concertos e de actividades de [&hellip;]<\/p>\n","protected":false},"author":1,"featured_media":11861,"comment_status":"closed","ping_status":"closed","sticky":false,"template":"","format":"standard","meta":{"footnotes":""},"categories":[218],"tags":[],"class_list":["post-11863","post","type-post","status-publish","format-standard","has-post-thumbnail","hentry","category-noticias-generales-pt"],"lang":"pt","translations":{"pt":11863,"es":11860},"pll_sync_post":[],"post_mailing_queue_ids":[],"_links":{"self":[{"href":"http:\/\/staging.ibermusicas.org\/index.php\/wp-json\/wp\/v2\/posts\/11863","targetHints":{"allow":["GET"]}}],"collection":[{"href":"http:\/\/staging.ibermusicas.org\/index.php\/wp-json\/wp\/v2\/posts"}],"about":[{"href":"http:\/\/staging.ibermusicas.org\/index.php\/wp-json\/wp\/v2\/types\/post"}],"author":[{"embeddable":true,"href":"http:\/\/staging.ibermusicas.org\/index.php\/wp-json\/wp\/v2\/users\/1"}],"replies":[{"embeddable":true,"href":"http:\/\/staging.ibermusicas.org\/index.php\/wp-json\/wp\/v2\/comments?post=11863"}],"version-history":[{"count":1,"href":"http:\/\/staging.ibermusicas.org\/index.php\/wp-json\/wp\/v2\/posts\/11863\/revisions"}],"predecessor-version":[{"id":11864,"href":"http:\/\/staging.ibermusicas.org\/index.php\/wp-json\/wp\/v2\/posts\/11863\/revisions\/11864"}],"wp:featuredmedia":[{"embeddable":true,"href":"http:\/\/staging.ibermusicas.org\/index.php\/wp-json\/wp\/v2\/media\/11861"}],"wp:attachment":[{"href":"http:\/\/staging.ibermusicas.org\/index.php\/wp-json\/wp\/v2\/media?parent=11863"}],"wp:term":[{"taxonomy":"category","embeddable":true,"href":"http:\/\/staging.ibermusicas.org\/index.php\/wp-json\/wp\/v2\/categories?post=11863"},{"taxonomy":"post_tag","embeddable":true,"href":"http:\/\/staging.ibermusicas.org\/index.php\/wp-json\/wp\/v2\/tags?post=11863"}],"curies":[{"name":"wp","href":"https:\/\/api.w.org\/{rel}","templated":true}]}}