{"id":11980,"date":"2022-06-01T02:03:04","date_gmt":"2022-06-01T02:03:04","guid":{"rendered":"http:\/\/staging.ibermusicas.org\/?p=11980"},"modified":"2022-12-09T14:51:16","modified_gmt":"2022-12-09T14:51:16","slug":"se-crea-la-red-iberoamericana-de-orquestas-sinfonicas","status":"publish","type":"post","link":"http:\/\/staging.ibermusicas.org\/index.php\/se-crea-la-red-iberoamericana-de-orquestas-sinfonicas\/","title":{"rendered":"Se crea la Red Iberoamericana de Orquestas Sinf\u00f3nicas"},"content":{"rendered":"<p>En el Marco del 10 aniversario del Programa IBERM\u00daSICAS se crea un nuevo espacio de encuentro institucional para las orquestas profesionales de la regi\u00f3n. La Red Iberoamericana de Orquestas Sinf\u00f3nicas &#8211; RIOS impulsar\u00e1 el desarrollo de la m\u00fasica sinf\u00f3nica propiciando la integraci\u00f3n y la cooperaci\u00f3n, con herramientas que aporten al fomento de la m\u00fasica orquestal, al intercambio de conocimiento, a la identificaci\u00f3n de desaf\u00edos y a la coordinaci\u00f3n de agendas fortaleciendo las instituciones y al sector en general.<\/p>\n<p>El proyecto est\u00e1 integrado actualmente por 34 orquestas de 15 pa\u00edses, pero se encuentra abierta de forma permanentemente a la incorporaci\u00f3n de nuevas instituciones que busquen formar parte de la Red. Ser miembro de RIOS no requiere de aportes econ\u00f3micos, sino de un compromiso de participaci\u00f3n institucional activa, solidaria y consensuada con el objetivo de consolidar un espacio de di\u00e1logo permanente.<\/p>\n<p>La Red act\u00faa como plataforma para la construcci\u00f3n de una comunidad de orquestas sinf\u00f3nicas, generando las condiciones necesarias para la consolidaci\u00f3n de un circuito art\u00edstico regional integrado que promueva con especial \u00e9nfasis el desarrollo profesional de nuestras y nuestros directores, int\u00e9rpretes y compositores.<\/p>\n<p>Las l\u00edneas de trabajo directo de la red abarcan los diferentes aspectos del sector en temas comunes a todas las \u00e1reas de la actividad orquestal. La primera acci\u00f3n de RIOS es la construcci\u00f3n de su p\u00e1gina web, que adem\u00e1s de dar soporte virtual al proyecto, incluye un directorio para todas las orquestas profesionales de la regi\u00f3n, una bolsa de trabajo para el sector regional y un espacio para las orquestas miembros para el desarrollo de proyectos de colaboraci\u00f3n.<\/p>\n<p>RIOS tambi\u00e9n ofrece oportunidades de formaci\u00f3n profesional homologada que responden a las muy espec\u00edficas necesidades de las y los artistas, del personal administrativo y t\u00e9cnico de las orquestas. En 2022 se realizar\u00e1 la primera capacitaci\u00f3n profesional dedicada al perfeccionamiento de archivistas y bibliotecarios musicales en articulaci\u00f3n con MOLA (Major Orchestra Librarians\u2019 Association) organizaci\u00f3n l\u00edder en la estandarizaci\u00f3n de estas pr\u00e1cticas a nivel global. Asimismo, comprometidos con la difusi\u00f3n y la puesta en valor de nuestra m\u00fasica se realizar\u00e1n acciones de apoyo para la programaci\u00f3n de obras de compositoras y compositores iberoamericanos.<\/p>\n<p>Como referente de las orquestas sinf\u00f3nicas en Iberoam\u00e9rica, RIOS articular\u00e1 proyectos en la regi\u00f3n y con el resto del mundo, difundiendo su actividad, generando oportunidades y recursos para el desarrollo del sector.<\/p>\n<p>M\u00e1s informaci\u00f3n\u00a0<a href=\"http:\/\/staging.ibermusicas.org\/index.php\/rios-pt\/\" target=\"_blank\" rel=\"noopener\">aqu\u00ed<\/a><\/p>\n<p style=\"text-align: center;\">Ver video<\/p>\n<p style=\"text-align: center;\"><iframe loading=\"lazy\" title=\"YouTube video player\" src=\"https:\/\/www.youtube.com\/embed\/AtwcQX8uIms\" width=\"560\" height=\"315\" frameborder=\"0\" allowfullscreen=\"allowfullscreen\"><\/iframe><\/p>\n","protected":false},"excerpt":{"rendered":"<p>En el Marco del 10 aniversario del Programa IBERM\u00daSICAS se crea un nuevo espacio de encuentro institucional para las orquestas profesionales de la regi\u00f3n. La Red Iberoamericana de Orquestas Sinf\u00f3nicas &#8211; RIOS impulsar\u00e1 el desarrollo de la m\u00fasica sinf\u00f3nica propiciando la integraci\u00f3n y la cooperaci\u00f3n, con herramientas que aporten al fomento de la m\u00fasica orquestal, [&hellip;]<\/p>\n","protected":false},"author":1,"featured_media":11981,"comment_status":"closed","ping_status":"closed","sticky":false,"template":"","format":"standard","meta":{"footnotes":""},"categories":[53],"tags":[],"class_list":["post-11980","post","type-post","status-publish","format-standard","has-post-thumbnail","hentry","category-noticias-generales"],"lang":"es","translations":{"es":11980,"pt":11984},"pll_sync_post":[],"post_mailing_queue_ids":[],"_links":{"self":[{"href":"http:\/\/staging.ibermusicas.org\/index.php\/wp-json\/wp\/v2\/posts\/11980","targetHints":{"allow":["GET"]}}],"collection":[{"href":"http:\/\/staging.ibermusicas.org\/index.php\/wp-json\/wp\/v2\/posts"}],"about":[{"href":"http:\/\/staging.ibermusicas.org\/index.php\/wp-json\/wp\/v2\/types\/post"}],"author":[{"embeddable":true,"href":"http:\/\/staging.ibermusicas.org\/index.php\/wp-json\/wp\/v2\/users\/1"}],"replies":[{"embeddable":true,"href":"http:\/\/staging.ibermusicas.org\/index.php\/wp-json\/wp\/v2\/comments?post=11980"}],"version-history":[{"count":4,"href":"http:\/\/staging.ibermusicas.org\/index.php\/wp-json\/wp\/v2\/posts\/11980\/revisions"}],"predecessor-version":[{"id":12043,"href":"http:\/\/staging.ibermusicas.org\/index.php\/wp-json\/wp\/v2\/posts\/11980\/revisions\/12043"}],"wp:featuredmedia":[{"embeddable":true,"href":"http:\/\/staging.ibermusicas.org\/index.php\/wp-json\/wp\/v2\/media\/11981"}],"wp:attachment":[{"href":"http:\/\/staging.ibermusicas.org\/index.php\/wp-json\/wp\/v2\/media?parent=11980"}],"wp:term":[{"taxonomy":"category","embeddable":true,"href":"http:\/\/staging.ibermusicas.org\/index.php\/wp-json\/wp\/v2\/categories?post=11980"},{"taxonomy":"post_tag","embeddable":true,"href":"http:\/\/staging.ibermusicas.org\/index.php\/wp-json\/wp\/v2\/tags?post=11980"}],"curies":[{"name":"wp","href":"https:\/\/api.w.org\/{rel}","templated":true}]}}