{"id":12124,"date":"2022-06-06T17:27:45","date_gmt":"2022-06-06T17:27:45","guid":{"rendered":"http:\/\/staging.ibermusicas.org\/?p=12124"},"modified":"2022-06-06T17:27:45","modified_gmt":"2022-06-06T17:27:45","slug":"pu-joa-de-paraguay-estreia-a-obra-si-oscura-la-vista-do-compositor-chileno-cristian-morales-ossio-vencedor-do-concurso-de-composicao-e-estreia-de-obra-de-ibermusicas","status":"publish","type":"post","link":"http:\/\/staging.ibermusicas.org\/index.php\/pu-joa-de-paraguay-estreia-a-obra-si-oscura-la-vista-do-compositor-chileno-cristian-morales-ossio-vencedor-do-concurso-de-composicao-e-estreia-de-obra-de-ibermusicas\/","title":{"rendered":"Pu Joa de Paraguay estreia a obra \u00abSi oscura la vista\u00bb, do compositor chileno Cristian Morales Ossio, vencedor do concurso de Composi\u00e7\u00e3o e Estr\u00e9ia de obra de Iberm\u00fasicas"},"content":{"rendered":"<p>A obra premiada que ser\u00e1 estreada pelo Ensamble Pu Joa leva o nome \u00abSi oscura la vista\u00bb, para tr\u00eas violinos, viola e violoncelo. Neste marco os int\u00e9rpretes ser\u00e3o Pierluigi Tesei, Mar\u00eda Eugenia Ben\u00edtez e H\u00e9ctor Delgado (violinos), Lise N\u00fa\u00f1ez (viola) e Florencia Ocampo (violoncello). A obra ser\u00e1 interpretada pelo ensamble Pu Joa, do Paraguai, no Goethe Zentrum da cidade de Assun\u00e7\u00e3o.<\/p>\n<p>&nbsp;<\/p>\n<p>\u201cSi oscura la vista\u201d \u00e9 inspirada no primeiro verso do poema Morir in levit\u00e0, do poeta russo Arsenij Tarkovsky, pai do famoso cineasta Andrei Tarkovsky. O poema aparece dito textualmente em italiano no filme Nostalgia, pela voz em off do protagonista. O poema deixa entrever aqueles \u00faltimos momentos em que o ser humano recorda e as sensa\u00e7\u00f5es visuais, sonoras e at\u00e9 olfativas que esse ato provoca. Um fundo sonoro cont\u00ednuo-semelhante a um murm\u00fario com notas incertas-que aparece e desaparece durante toda a pe\u00e7a se instala como met\u00e1fora daquela vis\u00e3o nublada de quem agoniza. Junto a este persistente som, se mobilizam diferentes sonoridades com tra\u00e7os mel\u00f3dicos que emergem e desaparecem rapidamente, bem como qualidades harm\u00f4nicas (uso de quartos de tom e intervalos muito estreitos, entre outros) que refor\u00e7am uma iridesc\u00eancia recorrente.<\/p>\n<p>&nbsp;<\/p>\n<p>&nbsp;<\/p>\n<p>Domingo 5 de junho 19:30 hs. em Goethe Zentrum Asunci\u00f3n, Paraguai<\/p>\n","protected":false},"excerpt":{"rendered":"<p>A obra premiada que ser\u00e1 estreada pelo Ensamble Pu Joa leva o nome \u00abSi oscura la vista\u00bb, para tr\u00eas violinos, viola e violoncelo. Neste marco os int\u00e9rpretes ser\u00e3o Pierluigi Tesei, Mar\u00eda Eugenia Ben\u00edtez e H\u00e9ctor Delgado (violinos), Lise N\u00fa\u00f1ez (viola) e Florencia Ocampo (violoncello). A obra ser\u00e1 interpretada pelo ensamble Pu Joa, do Paraguai, no [&hellip;]<\/p>\n","protected":false},"author":1,"featured_media":12122,"comment_status":"closed","ping_status":"closed","sticky":false,"template":"","format":"standard","meta":{"footnotes":""},"categories":[218],"tags":[],"class_list":["post-12124","post","type-post","status-publish","format-standard","has-post-thumbnail","hentry","category-noticias-generales-pt"],"lang":"pt","translations":{"pt":12124,"es":12121},"pll_sync_post":[],"post_mailing_queue_ids":[],"_links":{"self":[{"href":"http:\/\/staging.ibermusicas.org\/index.php\/wp-json\/wp\/v2\/posts\/12124","targetHints":{"allow":["GET"]}}],"collection":[{"href":"http:\/\/staging.ibermusicas.org\/index.php\/wp-json\/wp\/v2\/posts"}],"about":[{"href":"http:\/\/staging.ibermusicas.org\/index.php\/wp-json\/wp\/v2\/types\/post"}],"author":[{"embeddable":true,"href":"http:\/\/staging.ibermusicas.org\/index.php\/wp-json\/wp\/v2\/users\/1"}],"replies":[{"embeddable":true,"href":"http:\/\/staging.ibermusicas.org\/index.php\/wp-json\/wp\/v2\/comments?post=12124"}],"version-history":[{"count":1,"href":"http:\/\/staging.ibermusicas.org\/index.php\/wp-json\/wp\/v2\/posts\/12124\/revisions"}],"predecessor-version":[{"id":12125,"href":"http:\/\/staging.ibermusicas.org\/index.php\/wp-json\/wp\/v2\/posts\/12124\/revisions\/12125"}],"wp:featuredmedia":[{"embeddable":true,"href":"http:\/\/staging.ibermusicas.org\/index.php\/wp-json\/wp\/v2\/media\/12122"}],"wp:attachment":[{"href":"http:\/\/staging.ibermusicas.org\/index.php\/wp-json\/wp\/v2\/media?parent=12124"}],"wp:term":[{"taxonomy":"category","embeddable":true,"href":"http:\/\/staging.ibermusicas.org\/index.php\/wp-json\/wp\/v2\/categories?post=12124"},{"taxonomy":"post_tag","embeddable":true,"href":"http:\/\/staging.ibermusicas.org\/index.php\/wp-json\/wp\/v2\/tags?post=12124"}],"curies":[{"name":"wp","href":"https:\/\/api.w.org\/{rel}","templated":true}]}}