{"id":12129,"date":"2022-06-06T17:33:12","date_gmt":"2022-06-06T17:33:12","guid":{"rendered":"http:\/\/staging.ibermusicas.org\/?p=12129"},"modified":"2022-06-06T17:33:12","modified_gmt":"2022-06-06T17:33:12","slug":"estreia-se-a-obra-entressonho-do-compositor-felipe-de-almeida-ribeiro-a-obra-recebeu-o-premio-ibermusicas-2021-de-composicao-e-estreia-de-obra","status":"publish","type":"post","link":"http:\/\/staging.ibermusicas.org\/index.php\/estreia-se-a-obra-entressonho-do-compositor-felipe-de-almeida-ribeiro-a-obra-recebeu-o-premio-ibermusicas-2021-de-composicao-e-estreia-de-obra\/","title":{"rendered":"Estreia-se a obra \u00abEntressonho\u00bb do compositor Felipe de Almeida Ribeiro. A obra recebeu o Pr\u00eamio Iberm\u00fasicas 2021 de Composi\u00e7\u00e3o e Estr\u00e9ia de obra"},"content":{"rendered":"<p>O ensamble colombiano CG estrear\u00e1 a obra \u00abEntressonho\u00bb do compositor brasileiro Felipe de Almeida Ribeiro. Com esta obra, o compositor foi escolhido como vencedor do Pr\u00eamio Iberm\u00fasicas 2021 de Composi\u00e7\u00e3o e Estr\u00e9ia de obra. \u00abEntressonho\u00bb \u00e9 uma obra semi-improvisada escrita em 2020. Esta pe\u00e7a se baseia em uma longa pesquisa sobre os temas da solid\u00e3o, os sonhos e a consci\u00eancia na poesia de Fernando Pessoa, especialmente em seu livro \u00abLivro do Desconforto\u00bb.<\/p>\n<p>&nbsp;<\/p>\n<p>Felipe de Almeida Ribeiro \u00e9 compositor e pesquisador no campo da m\u00fasica experimental instrumental e eletroac\u00fastica. Sua forma\u00e7\u00e3o musical \u00e9 o resultado de experi\u00eancias em v\u00e1rias institui\u00e7\u00f5es e pa\u00edses, como Brasil, Fran\u00e7a, Estados Unidos, Canad\u00e1 e Alemanha. Sua m\u00fasica foi interpretada e premiada em festivais e salas de concerto dos Estados Unidos, Canad\u00e1, Alemanha, Espanha, Chile, Hungria, Brasil, Holanda, Inglaterra, M\u00e9xico e Argentina, entre outros. Atualmente \u00e9 professor da Escola de M\u00fasica e Belas Artes da Universidade Estadual do Paran\u00e1.<\/p>\n<p>&nbsp;<\/p>\n<p>O Ensamble CG foi fundado por Rodolfo Acosta em Bogot\u00e1, Col\u00f4mbia em 1995 com a inten\u00e7\u00e3o de interpretar m\u00fasica contempor\u00e2nea, especialmente do repert\u00f3rio colombiano e latino-americano. Desde ent\u00e3o, e aproveitando a natureza male\u00e1vel de sua concep\u00e7\u00e3o, apresentou cerca de 250 obras vocais, instrumentais e eletroac\u00fasticas de compositores de todas as latitudes, boa parte delas como estreias absolutas ou locais.<\/p>\n<p>&nbsp;<\/p>\n<p>&nbsp;<\/p>\n<p>Quinta-feira, 5 de Junho, 11:00 hs, Audit\u00f3rio Fabio Lozano, Universidade Jorge Tadeo Lozano (Bogot\u00e1, Col\u00f4mbia)<\/p>\n<p><a href=\"https:\/\/www.utadeo.edu.co\/es\/espacios-fisicos\/auditorios\/auditorio-fabio-lozano\">https:\/\/www.utadeo.edu.co\/es\/espacios-fisicos\/auditorios\/auditorio-fabio-lozano<\/a><\/p>\n","protected":false},"excerpt":{"rendered":"<p>O ensamble colombiano CG estrear\u00e1 a obra \u00abEntressonho\u00bb do compositor brasileiro Felipe de Almeida Ribeiro. Com esta obra, o compositor foi escolhido como vencedor do Pr\u00eamio Iberm\u00fasicas 2021 de Composi\u00e7\u00e3o e Estr\u00e9ia de obra. \u00abEntressonho\u00bb \u00e9 uma obra semi-improvisada escrita em 2020. Esta pe\u00e7a se baseia em uma longa pesquisa sobre os temas da solid\u00e3o, [&hellip;]<\/p>\n","protected":false},"author":1,"featured_media":12127,"comment_status":"closed","ping_status":"closed","sticky":false,"template":"","format":"standard","meta":{"footnotes":""},"categories":[218],"tags":[],"class_list":["post-12129","post","type-post","status-publish","format-standard","has-post-thumbnail","hentry","category-noticias-generales-pt"],"lang":"pt","translations":{"pt":12129,"es":12126},"pll_sync_post":[],"post_mailing_queue_ids":[],"_links":{"self":[{"href":"http:\/\/staging.ibermusicas.org\/index.php\/wp-json\/wp\/v2\/posts\/12129","targetHints":{"allow":["GET"]}}],"collection":[{"href":"http:\/\/staging.ibermusicas.org\/index.php\/wp-json\/wp\/v2\/posts"}],"about":[{"href":"http:\/\/staging.ibermusicas.org\/index.php\/wp-json\/wp\/v2\/types\/post"}],"author":[{"embeddable":true,"href":"http:\/\/staging.ibermusicas.org\/index.php\/wp-json\/wp\/v2\/users\/1"}],"replies":[{"embeddable":true,"href":"http:\/\/staging.ibermusicas.org\/index.php\/wp-json\/wp\/v2\/comments?post=12129"}],"version-history":[{"count":1,"href":"http:\/\/staging.ibermusicas.org\/index.php\/wp-json\/wp\/v2\/posts\/12129\/revisions"}],"predecessor-version":[{"id":12130,"href":"http:\/\/staging.ibermusicas.org\/index.php\/wp-json\/wp\/v2\/posts\/12129\/revisions\/12130"}],"wp:featuredmedia":[{"embeddable":true,"href":"http:\/\/staging.ibermusicas.org\/index.php\/wp-json\/wp\/v2\/media\/12127"}],"wp:attachment":[{"href":"http:\/\/staging.ibermusicas.org\/index.php\/wp-json\/wp\/v2\/media?parent=12129"}],"wp:term":[{"taxonomy":"category","embeddable":true,"href":"http:\/\/staging.ibermusicas.org\/index.php\/wp-json\/wp\/v2\/categories?post=12129"},{"taxonomy":"post_tag","embeddable":true,"href":"http:\/\/staging.ibermusicas.org\/index.php\/wp-json\/wp\/v2\/tags?post=12129"}],"curies":[{"name":"wp","href":"https:\/\/api.w.org\/{rel}","templated":true}]}}