{"id":12131,"date":"2022-06-06T17:43:16","date_gmt":"2022-06-06T17:43:16","guid":{"rendered":"http:\/\/staging.ibermusicas.org\/?p=12131"},"modified":"2022-06-30T18:49:17","modified_gmt":"2022-06-30T18:49:17","slug":"auros-duo-de-chile-estrena-la-obra-jyi-para-dos-saxofones-del-compositor-paraguayo-mateo-servian-sforza-ganador-del-concurso-de-composicion-y-estreno-2021-de-ibermusicas","status":"publish","type":"post","link":"http:\/\/staging.ibermusicas.org\/index.php\/auros-duo-de-chile-estrena-la-obra-jyi-para-dos-saxofones-del-compositor-paraguayo-mateo-servian-sforza-ganador-del-concurso-de-composicion-y-estreno-2021-de-ibermusicas\/","title":{"rendered":"Auros D\u00fao de Chile estrena  la obra \u201cJ\u00ddI\u201d para dos saxofones del compositor paraguayo Mateo Servi\u00e1n Sforza, ganador del Concurso de Composici\u00f3n y Estreno 2021 de Iberm\u00fasicas"},"content":{"rendered":"<p>La obra \u201cJ\u00ddI\u201d (\u201carco\u00edris\u201d en\u00a0 guaran\u00ed) para dos saxofones, ganadora del Premio de Composici\u00f3n y Estreno 2021 del Programa Iberm\u00fasicas, es una exploraci\u00f3n del fen\u00f3meno del color del sonido, punto focal de la labor compositiva del joven compositor paraguayo Mateo Servi\u00e1n Sforza.<\/p>\n<p>&nbsp;<\/p>\n<p>En \u201cJ\u00ddI\u201d se busca ahondar en el potencial sonoro del saxof\u00f3n gracias a un minucioso estudio de las digitaciones alternativas, y de la enorme variedad t\u00edmbrica que ellas permiten. El video de dicha obra, grabado en Santiago de Chile por los int\u00e9rpretes del Auros D\u00fao (los saxofonistas chilenos Karem Ruiz y Alejandro Rivas), ser\u00e1 estrenado con una premiere a ser realizada desde el canal de YouTube de Mateo Servi\u00e1n Sforza.<\/p>\n<p>&nbsp;<\/p>\n<p>Mateo Servi\u00e1n Sforza, nacido en 1991 en Asunci\u00f3n (Paraguay), estudi\u00f3 composici\u00f3n con Mario Garuti en el Conservatorio de Mil\u00e1n. Ha frecuentado masterclasses y seminarios de compositores como Salvatore Sciarrino, Helmut Lachenmann, Pierluigi Billone, Michael Maierhof y Fabien L\u00e9vy. Sus composiciones han sido interpretadas en importantes festivales dedicados a la m\u00fasica contempor\u00e1nea, como el Festival Impuls de Graz (Austria), el Festival Milano Musica\u00a0 (Italia) y las Jornadas de M\u00fasica Nueva de Asunci\u00f3n (Paraguay). Ha cursado estudios de piano en el Conservatorio Santa Cecilia de Roma, y, posteriormente, en el Conservatorio de M\u00fasica Giuseppe Verdi de Mil\u00e1n, donde concluy\u00f3 su M\u00e1ster en Interpretaci\u00f3n Pian\u00edstica. Se ha presentado como solista y en formaciones de c\u00e1mara, tocando en importantes salas de concierto de Paraguay y de Italia. En el 2020, obtuvo el Premio Nacional de las Artes del Gobierno Italiano (en la categor\u00eda de M\u00fasica Vocal de C\u00e1mara), en d\u00fao con la mezzosoprano italiana Eleonora de Prez.<\/p>\n<p>&nbsp;<\/p>\n<p>Auros Saxophone D\u00fao nace a partir de la experiencia de los int\u00e9rpretes Alejandro Rivas y Karem Ruiz de interpretar m\u00fasica chilena, cl\u00e1sica y latinoamericana a trav\u00e9s del saxof\u00f3n. Sus inicios en el a\u00f1o 2006, incluyen la grabaci\u00f3n de m\u00fasica chilena de saxof\u00f3n para el CD Confluencias \u2013 m\u00fasica chilena para saxofones. Han desarrollado su carrera musical en Chile y Holanda, donde reciben su formaci\u00f3n acad\u00e9mica, adem\u00e1s de presentarse en escenarios importantes como: Goethe Institut en Santiago de Chile, Concertgebouw en Amsterdam, De Doelen en Rotterdam, Fentener van Vlissingenzaal, Vredenburg en Utrecht de Holanda, entre otros. Este d\u00fao de saxofones propone la difusi\u00f3n de repertorio cl\u00e1sico, latinoamericano y chileno adaptado a la versatilidad estil\u00edstica de los saxofones. Auros abarca una amplia gama de la familia de los saxofones, pasando por los saxofones soprano, alto, tenor, bar\u00edtono y bajo.<\/p>\n<p>&nbsp;<\/p>\n<p>Miercoles 15 de junio<\/p>\n<p><a href=\"https:\/\/soundcloud.com\/mateoservian\">https:\/\/soundcloud.com\/mateoservian<\/a><\/p>\n<p><a href=\"https:\/\/www.youtube.com\/channel\/UCjxXfjEP2YItfwSZMb5vKJA\">https:\/\/www.youtube.com\/channel\/UCjxXfjEP2YItfwSZMb5vKJA<\/a><\/p>\n","protected":false},"excerpt":{"rendered":"<p>La obra \u201cJ\u00ddI\u201d (\u201carco\u00edris\u201d en\u00a0 guaran\u00ed) para dos saxofones, ganadora del Premio de Composici\u00f3n y Estreno 2021 del Programa Iberm\u00fasicas, es una exploraci\u00f3n del fen\u00f3meno del color del sonido, punto focal de la labor compositiva del joven compositor paraguayo Mateo Servi\u00e1n Sforza. &nbsp; En \u201cJ\u00ddI\u201d se busca ahondar en el potencial sonoro del saxof\u00f3n gracias [&hellip;]<\/p>\n","protected":false},"author":1,"featured_media":12241,"comment_status":"closed","ping_status":"closed","sticky":false,"template":"","format":"standard","meta":{"footnotes":""},"categories":[53],"tags":[],"class_list":["post-12131","post","type-post","status-publish","format-standard","has-post-thumbnail","hentry","category-noticias-generales"],"lang":"es","translations":{"es":12131,"pt":12134},"pll_sync_post":[],"post_mailing_queue_ids":[],"_links":{"self":[{"href":"http:\/\/staging.ibermusicas.org\/index.php\/wp-json\/wp\/v2\/posts\/12131","targetHints":{"allow":["GET"]}}],"collection":[{"href":"http:\/\/staging.ibermusicas.org\/index.php\/wp-json\/wp\/v2\/posts"}],"about":[{"href":"http:\/\/staging.ibermusicas.org\/index.php\/wp-json\/wp\/v2\/types\/post"}],"author":[{"embeddable":true,"href":"http:\/\/staging.ibermusicas.org\/index.php\/wp-json\/wp\/v2\/users\/1"}],"replies":[{"embeddable":true,"href":"http:\/\/staging.ibermusicas.org\/index.php\/wp-json\/wp\/v2\/comments?post=12131"}],"version-history":[{"count":3,"href":"http:\/\/staging.ibermusicas.org\/index.php\/wp-json\/wp\/v2\/posts\/12131\/revisions"}],"predecessor-version":[{"id":12242,"href":"http:\/\/staging.ibermusicas.org\/index.php\/wp-json\/wp\/v2\/posts\/12131\/revisions\/12242"}],"wp:featuredmedia":[{"embeddable":true,"href":"http:\/\/staging.ibermusicas.org\/index.php\/wp-json\/wp\/v2\/media\/12241"}],"wp:attachment":[{"href":"http:\/\/staging.ibermusicas.org\/index.php\/wp-json\/wp\/v2\/media?parent=12131"}],"wp:term":[{"taxonomy":"category","embeddable":true,"href":"http:\/\/staging.ibermusicas.org\/index.php\/wp-json\/wp\/v2\/categories?post=12131"},{"taxonomy":"post_tag","embeddable":true,"href":"http:\/\/staging.ibermusicas.org\/index.php\/wp-json\/wp\/v2\/tags?post=12131"}],"curies":[{"name":"wp","href":"https:\/\/api.w.org\/{rel}","templated":true}]}}